{"id":21109,"date":"2023-05-09T08:44:52","date_gmt":"2023-05-09T08:44:52","guid":{"rendered":"https:\/\/ahelth.com\/hair-breakage\/"},"modified":"2023-05-09T08:48:50","modified_gmt":"2023-05-09T08:48:50","slug":"hair-breakage","status":"publish","type":"post","link":"https:\/\/ahelth.com\/fr\/hair-breakage\/","title":{"rendered":"cheveux cassants"},"content":{"rendered":"<h1><span style=\"vertical-align: inherit;\"><span style=\"vertical-align: inherit;\"><span style=\"vertical-align: inherit;\"><span class=\"\" style=\"vertical-align: inherit;\">cheveux cassants<\/span><\/span><\/span><\/span><\/h1>\n<p>&nbsp;<\/p>\n<p>&nbsp;<\/p>\n<div class=\"container container-sm\">\n<article class=\"article-container mb-6 mb-md-0\">\n<header class=\"article-header mb-5 mb-md-7 mb-lg-8\" data-article-view=\"\u0e08\u0e30\u0e17\u0e33\u0e22\u0e31\u0e07\u0e44\u0e07\u0e40\u0e21\u0e37\u0e48\u0e2d\u0e1c\u0e21\u0e41\u0e2b\u0e49\u0e07\u0e41\u0e15\u0e01\u0e1b\u0e25\u0e32\u0e22? \u0e21\u0e32\u0e23\u0e39\u0e49\u0e08\u0e31\u0e01\u0e2a\u0e32\u0e40\u0e2b\u0e15\u0e38\u0e41\u0e25\u0e30\u0e27\u0e34\u0e18\u0e35\u0e23\u0e31\u0e01\u0e29\u0e32\u0e1c\u0e21\u0e41\u0e15\u0e01\u0e1b\u0e25\u0e32\u0e22\u0e01\u0e31\u0e19\">\n<div class=\"_page-heading text-left\">\n<h1 class=\"h1 mb-4\" data-article-view=\"\u0e08\u0e30\u0e17\u0e33\u0e22\u0e31\u0e07\u0e44\u0e07\u0e40\u0e21\u0e37\u0e48\u0e2d\u0e1c\u0e21\u0e41\u0e2b\u0e49\u0e07\u0e41\u0e15\u0e01\u0e1b\u0e25\u0e32\u0e22? \u0e21\u0e32\u0e23\u0e39\u0e49\u0e08\u0e31\u0e01\u0e2a\u0e32\u0e40\u0e2b\u0e15\u0e38\u0e41\u0e25\u0e30\u0e27\u0e34\u0e18\u0e35\u0e23\u0e31\u0e01\u0e29\u0e32\u0e1c\u0e21\u0e41\u0e15\u0e01\u0e1b\u0e25\u0e32\u0e22\u0e01\u0e31\u0e19\"><span style=\"vertical-align: inherit;\"><span style=\"vertical-align: inherit;\"><span style=\"vertical-align: inherit;\"><span style=\"vertical-align: inherit;\">Que dois-je faire lorsque mes cheveux sont secs et fourchus ?\u00a0<\/span><\/span><\/span><\/span><span style=\"vertical-align: inherit;\"><span style=\"vertical-align: inherit;\"><span style=\"vertical-align: inherit;\"><span style=\"vertical-align: inherit;\">Apprenons \u00e0 conna\u00eetre les causes et les traitements des pointes fourchues.<\/span><\/span><\/span><\/span><\/h1>\n<div class=\"description the_excerpt mb-6 mb-md-5\"><\/div>\n<\/div>\n<section class=\"article-video\">\n<div class=\"_featured-image\">\n<div class=\"image-wrapper\"><\/div>\n<\/div>\n<\/section>\n<\/header>\n<section class=\"the-content content-visibility-auto\"><span style=\"vertical-align: inherit;\"><span style=\"vertical-align: inherit;\"><span style=\"vertical-align: inherit;\"><span style=\"vertical-align: inherit;\">Les pointes fourchues <\/span><\/span><\/span><\/span><a href=\"https:\/\/ahelth.com\/fr\/different-hair-types\/\"><span style=\"vertical-align: inherit;\"><span style=\"vertical-align: inherit;\"><span style=\"vertical-align: inherit;\"><span style=\"vertical-align: inherit;\">rendent les cheveux aux extr\u00e9mit\u00e9s gonfl\u00e9s<\/span><\/span><\/span><\/span><\/a><span style=\"vertical-align: inherit;\"><span style=\"vertical-align: inherit;\"><span style=\"vertical-align: inherit;\"><span style=\"vertical-align: inherit;\"> et cassants et peuvent se casser et tomber aux extr\u00e9mit\u00e9s.\u00a0<\/span><\/span><\/span><\/span><span style=\"vertical-align: inherit;\"><span style=\"vertical-align: inherit;\"><span style=\"vertical-align: inherit;\"><span style=\"vertical-align: inherit;\">Habituellement, les pointes fourchues \u00e0 l&#8217;extr\u00e9mit\u00e9 des cheveux peuvent \u00eatre divis\u00e9es en 2 ou 3 lobes et peuvent atteindre 2 \u00e0 3 cm de longueur. <\/span><span style=\"vertical-align: inherit;\">La solution la plus courante consiste \u00e0 couper les pointes fourchues.\u00a0<\/span><\/span><\/span><\/span><span style=\"vertical-align: inherit;\"><span style=\"vertical-align: inherit;\"><span style=\"vertical-align: inherit;\"><span style=\"vertical-align: inherit;\">En effet, si elles ne sont pas trait\u00e9es, les pointes fourchues peuvent continuer \u00e0 pousser vers les racines et provoquer des frisottis.<\/span><\/span><\/span><\/span><span style=\"vertical-align: inherit;\"><span style=\"vertical-align: inherit;\"><span style=\"vertical-align: inherit;\"><span style=\"vertical-align: inherit;\">Mais les personnes qui veulent ou font pousser les cheveux longs\u00a0 <\/span><\/span><\/span><\/span><span style=\"vertical-align: inherit;\"><span style=\"vertical-align: inherit;\"><span style=\"vertical-align: inherit;\"><span style=\"vertical-align: inherit;\">peuvent ne pas vouloir se couper ou se couper les cheveux.\u00a0<\/span><\/span><\/span><\/span><span style=\"vertical-align: inherit;\"><span style=\"vertical-align: inherit;\"><span style=\"vertical-align: inherit;\"><span style=\"vertical-align: inherit;\">En fait,\u00a0 <\/span><\/span><\/span><\/span><span style=\"vertical-align: inherit;\"><span style=\"vertical-align: inherit;\"><span style=\"vertical-align: inherit;\"><span style=\"vertical-align: inherit;\">nous n&#8217;avons pas toujours besoin d&#8217;une coupe de cheveux.\u00a0<\/span><\/span><\/span><\/span><span style=\"vertical-align: inherit;\"><span style=\"vertical-align: inherit;\"><span style=\"vertical-align: inherit;\"><span style=\"vertical-align: inherit;\">Parfois, un bon entretien,\u00a0 <\/span><\/span><\/span><\/span><span style=\"vertical-align: inherit;\"><span style=\"vertical-align: inherit;\"><span style=\"vertical-align: inherit;\"><span style=\"vertical-align: inherit;\">notamment en \u00e9vitant et en modifiant certains comportements,\u00a0 <\/span><\/span><\/span><\/span><span style=\"vertical-align: inherit;\"><span style=\"vertical-align: inherit;\"><span style=\"vertical-align: inherit;\"><span style=\"vertical-align: inherit;\">peut aider vos cheveux \u00e0 retrouver leur force et leur sant\u00e9.<\/span><\/span><\/span><\/span><\/p>\n<h2 class=\"_fancy-title d-block bleed-left bleed-ath-yellow position-relative no-fancy-link pt-4 pt-md-6 pb-5 pb-md-6 \"><span class=\"d-block w-100 font-weight-bold\"><span style=\"vertical-align: inherit;\"><span style=\"vertical-align: inherit;\"><span style=\"vertical-align: inherit;\"><span style=\"vertical-align: inherit;\">La casse des cheveux s&#8217;arr\u00eate \u00e0 cause de quoi ?<\/span><\/span><\/span><\/span><\/span><\/h2>\n<figure id=\"attachment_72653\" class=\"wp-caption aligncenter\" aria-describedby=\"caption-attachment-72653\">\n<figure id=\"attachment_21083\" aria-describedby=\"caption-attachment-21083\" style=\"width: 186px\" class=\"wp-caption alignnone\"><img loading=\"lazy\" decoding=\"async\" class=\"size-full wp-image-21083\" src=\"https:\/\/ahelth.com\/wp-content\/uploads\/2023\/05\/hair-breakage.jpg\" alt=\"cheveux cassants\" width=\"186\" height=\"97\" \/><figcaption id=\"caption-attachment-21083\" class=\"wp-caption-text\"><span style=\"vertical-align: inherit;\"><span style=\"vertical-align: inherit;\">cheveux cassants<\/span><\/span><\/figcaption><\/figure><figcaption id=\"caption-attachment-72653\" class=\"wp-caption-text\"><\/figcaption><\/figure>\n<p><span style=\"vertical-align: inherit;\"><span style=\"vertical-align: inherit;\"><span style=\"vertical-align: inherit;\"><span style=\"vertical-align: inherit;\">Les pointes fourchues sont l&#8217;endroit o\u00f9 <\/span><\/span><\/span><\/span><a href=\"https:\/\/ahelth.com\/fr\/different-hair-types\/\"><span style=\"vertical-align: inherit;\"><span style=\"vertical-align: inherit;\"><span style=\"vertical-align: inherit;\"><span style=\"vertical-align: inherit;\">les cheveux aux extr\u00e9mit\u00e9s se divisent<\/span><\/span><\/span><\/span><\/a><span style=\"vertical-align: inherit;\"><span style=\"vertical-align: inherit;\"><span style=\"vertical-align: inherit;\"><span style=\"vertical-align: inherit;\"> en lobes.\u00a0<\/span><\/span><\/span><\/span><span style=\"vertical-align: inherit;\"><span style=\"vertical-align: inherit;\"><span style=\"vertical-align: inherit;\"><span style=\"vertical-align: inherit;\">Cela peut provenir de la peau qui recouvre la partie externe des cheveux.\u00a0<\/span><\/span><\/span><\/span><span style=\"vertical-align: inherit;\"><span style=\"vertical-align: inherit;\"><span style=\"vertical-align: inherit;\"><span style=\"vertical-align: inherit;\">Soit les \u00e9cailles capillaires tombent des cheveux\u00a0 <\/span><\/span><\/span><\/span><span style=\"vertical-align: inherit;\"><span style=\"vertical-align: inherit;\"><span style=\"vertical-align: inherit;\"><span style=\"vertical-align: inherit;\">et finissent par lib\u00e9rer le cheveu de sa barri\u00e8re protectrice.\u00a0 <\/span><\/span><\/span><\/span><span style=\"vertical-align: inherit;\"><span style=\"vertical-align: inherit;\"><span style=\"vertical-align: inherit;\"><span style=\"vertical-align: inherit;\">Les pointes fourchues ont tendance \u00e0 se produire avec les cheveux secs.\u00a0<\/span><\/span><\/span><\/span><span style=\"vertical-align: inherit;\"><span style=\"vertical-align: inherit;\"><span style=\"vertical-align: inherit;\"><span style=\"vertical-align: inherit;\">Et les cheveux qui ont des pointes fourchues\u00a0 <\/span><\/span><\/span><\/span><span style=\"vertical-align: inherit;\"><span style=\"vertical-align: inherit;\"><span style=\"vertical-align: inherit;\"><span style=\"vertical-align: inherit;\">ne peuvent pas se remettre ensemble comme avant<\/span><\/span><\/span><\/span><\/p>\n<p><span style=\"vertical-align: inherit;\"><span style=\"vertical-align: inherit;\"><span style=\"vertical-align: inherit;\"><span style=\"vertical-align: inherit;\">La perte de cheveux\u00a0 <\/span><\/span><\/span><\/span><span style=\"vertical-align: inherit;\"><span style=\"vertical-align: inherit;\"><span style=\"vertical-align: inherit;\"><span style=\"vertical-align: inherit;\">est souvent caus\u00e9e par la casse des cheveux lors du peignage des cheveux emm\u00eal\u00e9s.\u00a0<\/span><\/span><\/span><\/span><span style=\"vertical-align: inherit;\"><span style=\"vertical-align: inherit;\"><span style=\"vertical-align: inherit;\"><span style=\"vertical-align: inherit;\">Y compris l&#8217;utilisation fr\u00e9quente d&#8217;\u00e9quipements de coiffure.\u00a0<\/span><\/span><\/span><\/span><span style=\"vertical-align: inherit;\"><span style=\"vertical-align: inherit;\"><span style=\"vertical-align: inherit;\"><span style=\"vertical-align: inherit;\">Chauffer\u00a0 <\/span><\/span><\/span><\/span><span style=\"vertical-align: inherit;\"><span style=\"vertical-align: inherit;\"><span style=\"vertical-align: inherit;\"><span style=\"vertical-align: inherit;\">et rendre les cheveux secs et croustillants,\u00a0 <\/span><\/span><\/span><\/span><span style=\"vertical-align: inherit;\"><span style=\"vertical-align: inherit;\"><span style=\"vertical-align: inherit;\"><span style=\"vertical-align: inherit;\">y compris ne pas utiliser de cr\u00e8me capillaire\u00a0 <\/span><\/span><\/span><\/span><span style=\"vertical-align: inherit;\"><span style=\"vertical-align: inherit;\"><span style=\"vertical-align: inherit;\"><span style=\"vertical-align: inherit;\">et de produits chimiques diff\u00e9rents,\u00a0 <\/span><\/span><\/span><\/span><span style=\"vertical-align: inherit;\"><span style=\"vertical-align: inherit;\"><span style=\"vertical-align: inherit;\"><span style=\"vertical-align: inherit;\">ces choses endommagent les cheveux.\u00a0<\/span><\/span><\/span><\/span><span style=\"vertical-align: inherit;\"><span style=\"vertical-align: inherit;\"><span style=\"vertical-align: inherit;\"><span style=\"vertical-align: inherit;\">Et finit par casser les pointes des cheveux<\/span><\/span><\/span><\/span><\/p>\n<p><span style=\"vertical-align: inherit;\"><span style=\"vertical-align: inherit;\"><span style=\"vertical-align: inherit;\"><span style=\"vertical-align: inherit;\">Ce que beaucoup de gens ne savent peut-\u00eatre pas, c&#8217;est qu&#8217;il existe 6 types diff\u00e9rents de pointes fourchues.\u00a0<\/span><\/span><\/span><\/span><span style=\"vertical-align: inherit;\"><span style=\"vertical-align: inherit;\"><span style=\"vertical-align: inherit;\"><span style=\"vertical-align: inherit;\">Chaque type indiquera la sant\u00e9 des cheveux et les dommages \u00e0 un niveau diff\u00e9rent.<\/span><\/span><\/span><\/span><\/p>\n<h3><span style=\"vertical-align: inherit;\"><span class=\"\" style=\"vertical-align: inherit;\"><span style=\"vertical-align: inherit;\"><span style=\"vertical-align: inherit;\">Type de cheveux fendus<\/span><\/span><\/span><\/span><\/h3>\n<figure id=\"attachment_72654\" class=\"wp-caption aligncenter\" aria-describedby=\"caption-attachment-72654\"><figcaption id=\"caption-attachment-72654\" class=\"wp-caption-text\">\n<figure id=\"attachment_21091\" aria-describedby=\"caption-attachment-21091\" style=\"width: 302px\" class=\"wp-caption alignnone\"><img loading=\"lazy\" decoding=\"async\" class=\"size-full wp-image-21091\" src=\"https:\/\/ahelth.com\/wp-content\/uploads\/2023\/05\/hair-breakage-2.jpg\" alt=\"cheveux cassants\" width=\"302\" height=\"176\" srcset=\"https:\/\/ahelth.com\/wp-content\/uploads\/2023\/05\/hair-breakage-2.jpg 302w, https:\/\/ahelth.com\/wp-content\/uploads\/2023\/05\/hair-breakage-2-300x175.jpg 300w\" sizes=\"auto, (max-width: 302px) 100vw, 302px\" \/><figcaption id=\"caption-attachment-21091\" class=\"wp-caption-text\"><span style=\"vertical-align: inherit;\"><span style=\"vertical-align: inherit;\">cheveux cassants<\/span><\/span><\/figcaption><\/figure>\n<\/figcaption><\/figure>\n<h3><span style=\"vertical-align: inherit;\"><span class=\"\" style=\"vertical-align: inherit;\"><span style=\"vertical-align: inherit;\"><span style=\"vertical-align: inherit;\">1. Jeux de b\u00e9b\u00e9<\/span><\/span><\/span><\/span><\/h3>\n<p><span style=\"vertical-align: inherit;\"><span style=\"vertical-align: inherit;\"><span style=\"vertical-align: inherit;\"><span style=\"vertical-align: inherit;\">Le premier type de pointes fourchues semble fendu en deux lobes tout au bout du cheveu (moins de 0,5 cm), ce qui indique que nos cheveux manquent de nutriments.\u00a0<\/span><\/span><\/span><\/span><span style=\"vertical-align: inherit;\"><span style=\"vertical-align: inherit;\"><span style=\"vertical-align: inherit;\"><span style=\"vertical-align: inherit;\">Mais les sympt\u00f4mes sont vus dans les premiers stades.\u00a0<\/span><\/span><\/span><\/span><span style=\"vertical-align: inherit;\"><span style=\"vertical-align: inherit;\"><span style=\"vertical-align: inherit;\"><span style=\"vertical-align: inherit;\">Il suffit tout de m\u00eame de l&#8217;entretenir et de l&#8217;entretenir dans le temps\u00a0 <\/span><\/span><\/span><\/span><span style=\"vertical-align: inherit;\"><span style=\"vertical-align: inherit;\"><span style=\"vertical-align: inherit;\"><span style=\"vertical-align: inherit;\">en utilisant \u00e0 chaque fois de l&#8217;apr\u00e8s shampoing apr\u00e8s shampoing<\/span><\/span><\/span><\/span><\/p>\n<h3><span style=\"vertical-align: inherit;\"><span style=\"vertical-align: inherit;\"><span style=\"vertical-align: inherit;\"><span style=\"vertical-align: inherit;\">2. diviser p<\/span><\/span><\/span><\/span><\/h3>\n<p><span style=\"vertical-align: inherit;\"><span style=\"vertical-align: inherit;\"><span style=\"vertical-align: inherit;\"><span style=\"vertical-align: inherit;\">Ce type de pointes de cheveux fourchues est similaire au premier type, c&#8217;est-\u00e0-dire que les pointes des cheveux sont divis\u00e9es en deux lobes \u00e9gaux, comme une forme en \u00ab Y \u00bb, et la longueur de la fente est d&#8217;environ 1 cm.\u00a0<\/span><\/span><\/span><\/span><span style=\"vertical-align: inherit;\"><span style=\"vertical-align: inherit;\"><span style=\"vertical-align: inherit;\"><span style=\"vertical-align: inherit;\">Si vous \u00eates de retour pour nourrir intens\u00e9ment vos cheveux.\u00a0<\/span><\/span><\/span><\/span><span style=\"vertical-align: inherit;\"><span style=\"vertical-align: inherit;\"><span style=\"vertical-align: inherit;\"><span style=\"vertical-align: inherit;\">C&#8217;est assez pour moi d&#8217;avoir une chance de revenir en arri\u00e8re et d&#8217;\u00eatre aussi beau qu&#8217;avant.<\/span><\/span><\/span><\/span><\/p>\n<h3><span style=\"vertical-align: inherit;\"><span style=\"vertical-align: inherit;\"><span style=\"vertical-align: inherit;\"><span style=\"vertical-align: inherit;\">3. C\u00f4ne<\/span><\/span><\/span><\/span><\/h3>\n<p><span style=\"vertical-align: inherit;\"><span style=\"vertical-align: inherit;\"><span style=\"vertical-align: inherit;\"><span style=\"vertical-align: inherit;\">J&#8217;ai fendu les extr\u00e9mit\u00e9s comme \u00e7a.\u00a0 <\/span><\/span><\/span><\/span><span style=\"vertical-align: inherit;\"><span style=\"vertical-align: inherit;\"><span style=\"vertical-align: inherit;\"><span style=\"vertical-align: inherit;\">Les extr\u00e9mit\u00e9s des cheveux ne seront pas divis\u00e9es <\/span><\/span><\/span><\/span><a href=\"https:\/\/en.wikipedia.org\/wiki\/Trichorrhexis_nodosa\"><span style=\"vertical-align: inherit;\"><span style=\"vertical-align: inherit;\"><span style=\"vertical-align: inherit;\"><span style=\"vertical-align: inherit;\">en lobes<\/span><\/span><\/span><\/span><\/a><span style=\"vertical-align: inherit;\"><span style=\"vertical-align: inherit;\"><span style=\"vertical-align: inherit;\"><span style=\"vertical-align: inherit;\"> .\u00a0<\/span><\/span><\/span><\/span><span style=\"vertical-align: inherit;\"><span style=\"vertical-align: inherit;\"><span style=\"vertical-align: inherit;\"><span style=\"vertical-align: inherit;\">Mais il deviendra plus mince, comme s&#8217;il avait \u00e9t\u00e9 coup\u00e9 trop loin,\u00a0 <\/span><\/span><\/span><\/span><span style=\"vertical-align: inherit;\"><span style=\"vertical-align: inherit;\"><span style=\"vertical-align: inherit;\"><span style=\"vertical-align: inherit;\">ce qui est l&#8217;un des m\u00eames mauvais sympt\u00f4mes.\u00a0 <\/span><\/span><\/span><\/span><span style=\"vertical-align: inherit;\"><span style=\"vertical-align: inherit;\"><span style=\"vertical-align: inherit;\"><span style=\"vertical-align: inherit;\">Cela indique que les cheveux sont s\u00e9v\u00e8rement mal nourris.\u00a0<\/span><\/span><\/span><\/span><span style=\"vertical-align: inherit;\"><span style=\"vertical-align: inherit;\"><span style=\"vertical-align: inherit;\"><span style=\"vertical-align: inherit;\">Il ne peut plus grandir,\u00a0 <\/span><\/span><\/span><\/span><span style=\"vertical-align: inherit;\"><span style=\"vertical-align: inherit;\"><span style=\"vertical-align: inherit;\"><span style=\"vertical-align: inherit;\">l&#8217;entretien est inutile.\u00a0<\/span><\/span><\/span><\/span><span style=\"vertical-align: inherit;\"><span style=\"vertical-align: inherit;\"><span style=\"vertical-align: inherit;\"><span style=\"vertical-align: inherit;\">La seule meilleure solution est de couper les pointes de vos cheveux.<\/span><\/span><\/span><\/span><\/p>\n<h3><span style=\"vertical-align: inherit;\"><span class=\"\" style=\"vertical-align: inherit;\"><span style=\"vertical-align: inherit;\"><span style=\"vertical-align: inherit;\">4. Incomplet<\/span><\/span><\/span><\/span><\/h3>\n<p><a href=\"https:\/\/en.wikipedia.org\/wiki\/Trichorrhexis_nodosa\"><span style=\"vertical-align: inherit;\"><span style=\"vertical-align: inherit;\"><span style=\"vertical-align: inherit;\"><span style=\"vertical-align: inherit;\">Cheveux qui se s\u00e9parent du milieu<\/span><\/span><\/span><\/span><\/a>\u00a0<span style=\"vertical-align: inherit;\"><span style=\"vertical-align: inherit;\"><span style=\"vertical-align: inherit;\"><span style=\"vertical-align: inherit;\"> jusqu&#8217;\u00e0 ce qu&#8217;il y ait un espace entre les cheveux.\u00a0<\/span><\/span><\/span><\/span><span style=\"vertical-align: inherit;\"><span style=\"vertical-align: inherit;\"><span style=\"vertical-align: inherit;\"><span style=\"vertical-align: inherit;\">Il peut \u00eatre vu lorsque les cheveux sont tir\u00e9s ensemble.\u00a0<\/span><\/span><\/span><\/span><span style=\"vertical-align: inherit;\"><span style=\"vertical-align: inherit;\"><span style=\"vertical-align: inherit;\"><span style=\"vertical-align: inherit;\">Les pointes fourchues comme celle-ci feront tomber les cheveux tr\u00e8s facilement.\u00a0<\/span><\/span><\/span><\/span><span style=\"vertical-align: inherit;\"><span style=\"vertical-align: inherit;\"><span style=\"vertical-align: inherit;\"><span style=\"vertical-align: inherit;\">Lorsque vous peignez vos cheveux, vous devez \u00eatre tr\u00e8s prudent.\u00a0<\/span><\/span><\/span><\/span><span style=\"vertical-align: inherit;\"><span class=\"\" style=\"vertical-align: inherit;\"><span style=\"vertical-align: inherit;\"><span style=\"vertical-align: inherit;\">Si quelqu&#8217;un a des pointes fourchues comme celle-ci, il est recommand\u00e9 d&#8217;utiliser r\u00e9guli\u00e8rement un apr\u00e8s-shampooing ou si les cheveux peuvent \u00eatre trait\u00e9s, ce serait encore mieux.<\/span><\/span><\/span><\/span><\/p>\n<h3><span style=\"vertical-align: inherit;\"><span style=\"vertical-align: inherit;\"><span style=\"vertical-align: inherit;\"><span style=\"vertical-align: inherit;\">5- Arbre<\/span><\/span><\/span><\/span><\/h3>\n<p><span style=\"vertical-align: inherit;\"><span style=\"vertical-align: inherit;\"><span style=\"vertical-align: inherit;\"><span style=\"vertical-align: inherit;\">J&#8217;ai des pointes fourchues comme celle-ci, les cheveux se divisent en plusieurs pointes comme une branche d&#8217;arbre.\u00a0<\/span><\/span><\/span><\/span><span style=\"vertical-align: inherit;\"><span style=\"vertical-align: inherit;\"><span style=\"vertical-align: inherit;\"><span style=\"vertical-align: inherit;\">On consid\u00e8re que les pointes fourchues des cheveux sont tr\u00e8s s\u00e9v\u00e8res.\u00a0<\/span><\/span><\/span><\/span><span style=\"vertical-align: inherit;\"><span style=\"vertical-align: inherit;\"><span style=\"vertical-align: inherit;\"><span style=\"vertical-align: inherit;\">Parce que mes fibres capillaires sont d\u00e9j\u00e0 endommag\u00e9es,\u00a0 <\/span><\/span><\/span><\/span><span style=\"vertical-align: inherit;\"><span style=\"vertical-align: inherit;\"><span style=\"vertical-align: inherit;\"><span style=\"vertical-align: inherit;\">la seule fa\u00e7on de traiter les pointes fourchues est de les couper.\u00a0<\/span><\/span><\/span><\/span><span style=\"vertical-align: inherit;\"><span style=\"vertical-align: inherit;\"><span style=\"vertical-align: inherit;\"><span style=\"vertical-align: inherit;\">Parce que mes pointes fourchues comme celle-ci ne peuvent plus \u00eatre r\u00e9par\u00e9es.<\/span><\/span><\/span><\/span><\/p>\n<h3><span style=\"vertical-align: inherit;\"><span style=\"vertical-align: inherit;\"><span style=\"vertical-align: inherit;\"><span style=\"vertical-align: inherit;\">6. Plume<\/span><\/span><\/span><\/span><\/h3>\n<p><span style=\"vertical-align: inherit;\"><span style=\"vertical-align: inherit;\"><span style=\"vertical-align: inherit;\"><span style=\"vertical-align: inherit;\">Le dernier type de pointes fourchues est en forme de plume, les pointes fourchues ressemblent \u00e0 des plumes.\u00a0<\/span><\/span><\/span><\/span><span style=\"vertical-align: inherit;\"><span style=\"vertical-align: inherit;\"><span style=\"vertical-align: inherit;\"><span style=\"vertical-align: inherit;\">Si vous ne le coupez pas, cela peut causer de plus en plus de pointes fourchues dans nos cheveux.\u00a0<\/span><\/span><\/span><\/span><span style=\"vertical-align: inherit;\"><span style=\"vertical-align: inherit;\"><span style=\"vertical-align: inherit;\"><span style=\"vertical-align: inherit;\">La meilleure fa\u00e7on est de couper les extr\u00e9mit\u00e9s des cheveux.\u00a0<\/span><\/span><\/span><\/span><span style=\"vertical-align: inherit;\"><span style=\"vertical-align: inherit;\"><span style=\"vertical-align: inherit;\"><span style=\"vertical-align: inherit;\">L&#8217;entretien doit \u00eatre lourd.\u00a0<\/span><\/span><\/span><\/span><span style=\"vertical-align: inherit;\"><span style=\"vertical-align: inherit;\"><span style=\"vertical-align: inherit;\"><span style=\"vertical-align: inherit;\">en plus de<\/span><\/span><\/span><\/span><\/p>\n<h2 class=\"_fancy-title d-block bleed-left bleed-ath-yellow position-relative no-fancy-link pt-4 pt-md-6 pb-5 pb-md-6 \"><span class=\"d-block w-100 font-weight-bold\"><span style=\"vertical-align: inherit;\"><span style=\"vertical-align: inherit;\"><span style=\"vertical-align: inherit;\"><span style=\"vertical-align: inherit;\">Que dois-je faire?\u00a0<\/span><\/span><\/span><\/span><span style=\"vertical-align: inherit;\"><span style=\"vertical-align: inherit;\"><span style=\"vertical-align: inherit;\"><span style=\"vertical-align: inherit;\">Quand j&#8217;ai des pointes fourchues<\/span><\/span><\/span><\/span><\/span><\/h2>\n<figure id=\"attachment_58491\" class=\"wp-caption alignnone\" aria-describedby=\"caption-attachment-58491\"><figcaption id=\"caption-attachment-58491\" class=\"wp-caption-text\">\n<figure id=\"attachment_21099\" aria-describedby=\"caption-attachment-21099\" style=\"width: 1210px\" class=\"wp-caption alignnone\"><img loading=\"lazy\" decoding=\"async\" class=\"size-full wp-image-21099\" src=\"https:\/\/ahelth.com\/wp-content\/uploads\/2023\/05\/hair-breakage.jpeg\" alt=\"cheveux cassants\" width=\"1210\" height=\"684\" srcset=\"https:\/\/ahelth.com\/wp-content\/uploads\/2023\/05\/hair-breakage.jpeg 1210w, https:\/\/ahelth.com\/wp-content\/uploads\/2023\/05\/hair-breakage-300x170.jpeg 300w, https:\/\/ahelth.com\/wp-content\/uploads\/2023\/05\/hair-breakage-1024x579.jpeg 1024w, https:\/\/ahelth.com\/wp-content\/uploads\/2023\/05\/hair-breakage-768x434.jpeg 768w, https:\/\/ahelth.com\/wp-content\/uploads\/2023\/05\/hair-breakage-390x220.jpeg 390w\" sizes=\"auto, (max-width: 1210px) 100vw, 1210px\" \/><figcaption id=\"caption-attachment-21099\" class=\"wp-caption-text\"><span style=\"vertical-align: inherit;\"><span style=\"vertical-align: inherit;\">cheveux cassants<\/span><\/span><\/figcaption><\/figure>\n<\/figcaption><\/figure>\n<h3><span style=\"vertical-align: inherit;\"><span style=\"vertical-align: inherit;\"><span style=\"vertical-align: inherit;\"><span style=\"vertical-align: inherit;\">La cause de la perte de cheveux<\/span><\/span><\/span><\/span><\/h3>\n<ul>\n<li><span style=\"vertical-align: inherit;\"><span style=\"vertical-align: inherit;\"><span style=\"vertical-align: inherit;\"><span style=\"vertical-align: inherit;\">Les pointes fourchues peuvent survenir pour un certain nombre de raisons.\u00a0<\/span><\/span><\/span><\/span><\/li>\n<li><span style=\"vertical-align: inherit;\"><span style=\"vertical-align: inherit;\"><span style=\"vertical-align: inherit;\"><span style=\"vertical-align: inherit;\">Conditions environnementales qui endommagent les cheveux, telles que la forte lumi\u00e8re du soleil ou l&#8217;air humide.<\/span><\/span><\/span><\/span><\/li>\n<li><span style=\"vertical-align: inherit;\"><span style=\"vertical-align: inherit;\"><span style=\"vertical-align: inherit;\"><span style=\"vertical-align: inherit;\">Se brosser ou peigner vigoureusement les cheveux<\/span><\/span><\/span><\/span><\/li>\n<li><span style=\"vertical-align: inherit;\"><span style=\"vertical-align: inherit;\"><span style=\"vertical-align: inherit;\"><span style=\"vertical-align: inherit;\">Utilisation fr\u00e9quente de la chaleur sur les cheveux<\/span><\/span><\/span><\/span><\/li>\n<li><span style=\"vertical-align: inherit;\"><span style=\"vertical-align: inherit;\"><span style=\"vertical-align: inherit;\"><span style=\"vertical-align: inherit;\">Processus chimiques tels que le pliage, le lissage et la coloration<\/span><\/span><\/span><\/span><\/li>\n<li><span style=\"vertical-align: inherit;\"><span style=\"vertical-align: inherit;\"><span style=\"vertical-align: inherit;\"><span style=\"vertical-align: inherit;\">Utiliser des produits qui ne conviennent pas \u00e0 votre type de cheveux<\/span><\/span><\/span><\/span><\/li>\n<li><span style=\"vertical-align: inherit;\"><span style=\"vertical-align: inherit;\"><span style=\"vertical-align: inherit;\"><span style=\"vertical-align: inherit;\">Manque de nutriments tels que les vitamines et les prot\u00e9ines qui ne suffisent pas \u00e0 nourrir les cheveux.\u00a0<\/span><\/span><\/span><\/span><span style=\"vertical-align: inherit;\"><span style=\"vertical-align: inherit;\"><span style=\"vertical-align: inherit;\"><span style=\"vertical-align: inherit;\">Ce sont toutes des raisons qui peuvent provoquer des pointes fourchues.<\/span><\/span><\/span><\/span><\/li>\n<\/ul>\n<p><span style=\"vertical-align: inherit;\"><span style=\"vertical-align: inherit;\"><span style=\"vertical-align: inherit;\"><span style=\"vertical-align: inherit;\">S&#8217;il n&#8217;est pas entretenu correctement,\u00a0 <\/span><\/span><\/span><\/span><span style=\"vertical-align: inherit;\"><span style=\"vertical-align: inherit;\"><span style=\"vertical-align: inherit;\"><span style=\"vertical-align: inherit;\">il peut entra\u00eener ind\u00e9finiment des pointes fourchues.\u00a0<\/span><\/span><\/span><\/span><span style=\"vertical-align: inherit;\"><span style=\"vertical-align: inherit;\"><span style=\"vertical-align: inherit;\"><span style=\"vertical-align: inherit;\">Et donc le manque a\u00a0 <\/span><\/span><\/span><\/span><span style=\"vertical-align: inherit;\"><span style=\"vertical-align: inherit;\"><span style=\"vertical-align: inherit;\"><span style=\"vertical-align: inherit;\">finalement rendu mes cheveux fins<\/span><\/span><\/span><\/span><\/p>\n<h3><span style=\"vertical-align: inherit;\"><span style=\"vertical-align: inherit;\"><span style=\"vertical-align: inherit;\"><span style=\"vertical-align: inherit;\">Comment r\u00e9parer et pr\u00e9venir les pointes fourchues des cheveux<\/span><\/span><\/span><\/span><\/h3>\n<div class=\"_video-player embed-responsive embed-responsive-16by9 d-flex justify-content-center align-items-center\">\n<figure class=\"entry-featured\" data-action=\"video\" data-featured=\"true\" data-id-video=\"Ayi_UVKpUzs\">\n<div class=\"image-wrapper\"><\/div>\n<\/figure>\n<\/div>\n<ul>\n<li><span style=\"vertical-align: inherit;\"><span style=\"vertical-align: inherit;\"><span style=\"vertical-align: inherit;\"><span style=\"vertical-align: inherit;\">\u00c9vitez\u00a0 <\/span><\/span><\/span><span style=\"vertical-align: inherit;\"><span style=\"vertical-align: inherit;\"><span style=\"vertical-align: inherit;\">les appareils\u00a0 de s\u00e9chage des cheveux chauds <\/span><\/span><\/span><\/span><span style=\"vertical-align: inherit;\"><span style=\"vertical-align: inherit;\"><span style=\"vertical-align: inherit;\"><span style=\"vertical-align: inherit;\">Un ventilateur ou un s\u00e8che-cheveux peut \u00eatre utilis\u00e9 sur le r\u00e9glage froid.\u00a0<\/span><\/span><\/span><\/span><span style=\"vertical-align: inherit;\"><span style=\"vertical-align: inherit;\"><span style=\"vertical-align: inherit;\"><span style=\"vertical-align: inherit;\">Mais si vous avez besoin de chaleur,\u00a0 <\/span><\/span><\/span><\/span><span style=\"vertical-align: inherit;\"><span style=\"vertical-align: inherit;\"><span style=\"vertical-align: inherit;\"><span style=\"vertical-align: inherit;\">utilisez un produit qui prot\u00e8ge vos cheveux de la chaleur avant de les s\u00e9cher ou de les lisser, comme une\u00a0 <\/span><\/span><\/span><\/span><span style=\"vertical-align: inherit;\"><span style=\"vertical-align: inherit;\"><span style=\"vertical-align: inherit;\"><span style=\"vertical-align: inherit;\">laque anti-chaleur.<\/span><\/span><\/span><\/span><\/li>\n<li><span style=\"vertical-align: inherit;\"><span style=\"vertical-align: inherit;\"><span style=\"vertical-align: inherit;\"><span style=\"vertical-align: inherit;\">Le shampooing est recommand\u00e9.\u00a0<\/span><\/span><\/span><\/span><span style=\"vertical-align: inherit;\"><span style=\"vertical-align: inherit;\"><span style=\"vertical-align: inherit;\"><span style=\"vertical-align: inherit;\">Con\u00e7u pour les pointes fourchues ou les cheveux ab\u00eem\u00e9s.\u00a0<\/span><\/span><\/span><\/span><span style=\"vertical-align: inherit;\"><span style=\"vertical-align: inherit;\"><span style=\"vertical-align: inherit;\"><span style=\"vertical-align: inherit;\">Le m\u00eame revitalisant capillaire doit \u00eatre utilis\u00e9\u00a0 <\/span><\/span><\/span><\/span><span style=\"vertical-align: inherit;\"><span style=\"vertical-align: inherit;\"><span style=\"vertical-align: inherit;\"><span style=\"vertical-align: inherit;\">ensemble\u00a0 <\/span><\/span><\/span><\/span><span style=\"vertical-align: inherit;\"><span style=\"vertical-align: inherit;\"><span style=\"vertical-align: inherit;\"><span style=\"vertical-align: inherit;\">car la plupart d&#8217;entre eux se concentrent sur des ingr\u00e9dients qui nourrissent et hydratent les cheveux.\u00a0<\/span><\/span><\/span><\/span><span style=\"vertical-align: inherit;\"><span style=\"vertical-align: inherit;\"><span style=\"vertical-align: inherit;\"><span style=\"vertical-align: inherit;\">C&#8217;est la principale cause des pointes fourchues.\u00a0 <\/span><\/span><\/span><\/span><span style=\"vertical-align: inherit;\"><span style=\"vertical-align: inherit;\"><span style=\"vertical-align: inherit;\"><span style=\"vertical-align: inherit;\">Certaines formulations aident \u00e9galement \u00e0 fermer les \u00e9cailles des cheveux.\u00a0<\/span><\/span><\/span><\/span><span style=\"vertical-align: inherit;\"><span style=\"vertical-align: inherit;\"><span style=\"vertical-align: inherit;\"><span style=\"vertical-align: inherit;\">Ou aide \u00e0 ajouter de la k\u00e9ratine aux cheveux\u00a0 <\/span><\/span><\/span><\/span><span style=\"vertical-align: inherit;\"><span style=\"vertical-align: inherit;\"><span style=\"vertical-align: inherit;\"><span style=\"vertical-align: inherit;\">qui renforce les cheveux<\/span><\/span><\/span><\/span><\/li>\n<li><span style=\"vertical-align: inherit;\"><span style=\"vertical-align: inherit;\"><span style=\"vertical-align: inherit;\"><span style=\"vertical-align: inherit;\">Apr\u00e8s avoir lav\u00e9 vos cheveux avec du shampoing et de l&#8217;apr\u00e8s-shampooing, utilisez\u00a0 <\/span><\/span><\/span><\/span><span style=\"vertical-align: inherit;\"><span style=\"vertical-align: inherit;\"><span style=\"vertical-align: inherit;\"><span style=\"vertical-align: inherit;\">le s\u00e9rum <\/span><\/span><\/span><\/span><span style=\"vertical-align: inherit;\"><span style=\"vertical-align: inherit;\"><span style=\"vertical-align: inherit;\"><span style=\"vertical-align: inherit;\">\u00a0ou\u00a0 <\/span><\/span><\/span><\/span><span style=\"vertical-align: inherit;\"><span style=\"vertical-align: inherit;\"><span style=\"vertical-align: inherit;\"><span style=\"vertical-align: inherit;\">le soin sans rin\u00e7age pour les frotter <\/span><\/span><\/span><\/span><span style=\"vertical-align: inherit;\"><span style=\"vertical-align: inherit;\"><span style=\"vertical-align: inherit;\"><span style=\"vertical-align: inherit;\">\u00a0des mi-longueurs jusqu&#8217;aux pointes des cheveux.\u00a0<\/span><\/span><\/span><\/span><span style=\"vertical-align: inherit;\"><span style=\"vertical-align: inherit;\"><span style=\"vertical-align: inherit;\"><span style=\"vertical-align: inherit;\">(Concentrez-vous sur les pointes fourchues des cheveux) Parce que les s\u00e9rums et les produits sans rin\u00e7age n&#8217;ont pas besoin d&#8217;\u00eatre lav\u00e9s, ils sont con\u00e7us pour les revitalisants capillaires.\u00a0<\/span><\/span><\/span><\/span><span style=\"vertical-align: inherit;\"><span style=\"vertical-align: inherit;\"><span style=\"vertical-align: inherit;\"><span style=\"vertical-align: inherit;\">Il aide donc \u00e0 nourrir les cheveux plus longtemps, surtout s&#8217;il est utilis\u00e9 avant le brushing.\u00a0<\/span><\/span><\/span><\/span><span style=\"vertical-align: inherit;\"><span style=\"vertical-align: inherit;\"><span style=\"vertical-align: inherit;\"><span style=\"vertical-align: inherit;\">Il prot\u00e8ge \u00e9galement vos cheveux de la perte d&#8217;humidit\u00e9 due \u00e0 la chaleur.<\/span><\/span><\/span><\/span><\/li>\n<\/ul>\n<h5 class=\"keyword-text _ngcontent-tfh-108\"><span class=\"keyword _ngcontent-tfh-108\" aria-hidden=\"false\"><span style=\"vertical-align: inherit;\"><span style=\"vertical-align: inherit;\">traitement de la casse des cheveux<\/span><\/span><\/span><\/h5>\n<div aria-label=\"\"><\/div>\n<ul>\n<li><span style=\"vertical-align: inherit;\"><span style=\"vertical-align: inherit;\"><span style=\"vertical-align: inherit;\"><span style=\"vertical-align: inherit;\">Il est recommand\u00e9\u00a0 <\/span><\/span><\/span><\/span><span style=\"vertical-align: inherit;\"><span style=\"vertical-align: inherit;\"><span style=\"vertical-align: inherit;\"><span style=\"vertical-align: inherit;\">d&#8217;arroser vos cheveux avec de l&#8217;huile de noix de coco <\/span><\/span><\/span><\/span><span style=\"vertical-align: inherit;\"><span style=\"vertical-align: inherit;\"><span style=\"vertical-align: inherit;\"><span style=\"vertical-align: inherit;\">\u00a0ou\u00a0 <\/span><\/span><\/span><\/span><span style=\"vertical-align: inherit;\"><span style=\"vertical-align: inherit;\"><span style=\"vertical-align: inherit;\"><span style=\"vertical-align: inherit;\">du miel, qui ont des propri\u00e9t\u00e9s qui aident \u00e0 r\u00e9soudre les cheveux secs et ab\u00eem\u00e9s, <\/span><\/span><\/span><\/span><span style=\"vertical-align: inherit;\"><span style=\"vertical-align: inherit;\"><span style=\"vertical-align: inherit;\"><span style=\"vertical-align: inherit;\">\u00a0ou\u00a0 <\/span><\/span><\/span><\/span><span style=\"vertical-align: inherit;\"><span style=\"vertical-align: inherit;\"><span style=\"vertical-align: inherit;\"><span style=\"vertical-align: inherit;\">d&#8217;utiliser un masque capillaire.\u00a0<\/span><\/span><\/span><\/span><span style=\"vertical-align: inherit;\"><span style=\"vertical-align: inherit;\"><span style=\"vertical-align: inherit;\"><span style=\"vertical-align: inherit;\">Au moins une fois par semaine\u00a0 <\/span><\/span><\/span><\/span><span style=\"vertical-align: inherit;\"><span style=\"vertical-align: inherit;\"><span style=\"vertical-align: inherit;\"><span style=\"vertical-align: inherit;\">pour aider \u00e0 nourrir les cheveux pour qu&#8217;ils soient hydrat\u00e9s et forts.\u00a0<\/span><\/span><\/span><\/span><span style=\"vertical-align: inherit;\"><span style=\"vertical-align: inherit;\"><span style=\"vertical-align: inherit;\"><span style=\"vertical-align: inherit;\">Ne se casse pas facilement ou ne se fend pas facilement<\/span><\/span><\/span><\/span><\/li>\n<li><span style=\"vertical-align: inherit;\"><span style=\"vertical-align: inherit;\"><span style=\"vertical-align: inherit;\"><span style=\"vertical-align: inherit;\">\u00catre au soleil\u00a0 <\/span><\/span><\/span><\/span><span style=\"vertical-align: inherit;\"><span style=\"vertical-align: inherit;\"><span style=\"vertical-align: inherit;\"><span style=\"vertical-align: inherit;\">Rester longtemps dans un endroit sec ou venteux\u00a0 <\/span><\/span><\/span><\/span><span style=\"vertical-align: inherit;\"><span style=\"vertical-align: inherit;\"><span style=\"vertical-align: inherit;\"><span style=\"vertical-align: inherit;\">Vous devez utiliser un couvre-cheveux ou\u00a0 <\/span><\/span><\/span><\/span><span style=\"vertical-align: inherit;\"><span style=\"vertical-align: inherit;\"><span style=\"vertical-align: inherit;\"><span style=\"vertical-align: inherit;\">utiliser une m\u00e9thode de protection des cheveux contre le soleil <\/span><\/span><\/span><\/span><span style=\"vertical-align: inherit;\"><span style=\"vertical-align: inherit;\"><span style=\"vertical-align: inherit;\"><span style=\"vertical-align: inherit;\">\u00a0comme un chignon ou une tresse pour \u00e9viter que les cheveux ne s&#8217;exposent au soleil pendant une longue p\u00e9riode ou utilisez des produits qui prot\u00e8gent les cheveux de la perte d&#8217;humidit\u00e9.<\/span><\/span><\/span><\/span><\/li>\n<li><span style=\"vertical-align: inherit;\"><span style=\"vertical-align: inherit;\"><span style=\"vertical-align: inherit;\"><span style=\"vertical-align: inherit;\">\u00c9vitez les comportements agressifs sur vos cheveux, comme essuyer avec une serviette ou frotter vigoureusement vos cheveux mouill\u00e9s.\u00a0<\/span><\/span><\/span><\/span><span style=\"vertical-align: inherit;\"><span style=\"vertical-align: inherit;\"><span style=\"vertical-align: inherit;\"><span style=\"vertical-align: inherit;\">Peignez ou peignez vigoureusement vos cheveux\u00a0 <\/span><\/span><\/span><\/span><span style=\"vertical-align: inherit;\"><span style=\"vertical-align: inherit;\"><span style=\"vertical-align: inherit;\"><span style=\"vertical-align: inherit;\">cr\u00e9pus ou attachez vos cheveux fermement.\u00a0<\/span><\/span><\/span><\/span><span style=\"vertical-align: inherit;\"><span style=\"vertical-align: inherit;\"><span style=\"vertical-align: inherit;\"><span style=\"vertical-align: inherit;\">Pendant longtemps<\/span><\/span><\/span><\/span><\/li>\n<li><span style=\"vertical-align: inherit;\"><span style=\"vertical-align: inherit;\"><span style=\"vertical-align: inherit;\"><span style=\"vertical-align: inherit;\">Une alimentation \u00e9quilibr\u00e9e et ad\u00e9quate est un moyen de garder vos cheveux en bonne sant\u00e9.\u00a0<\/span><\/span><\/span><\/span><span style=\"vertical-align: inherit;\"><span style=\"vertical-align: inherit;\"><span style=\"vertical-align: inherit;\"><span style=\"vertical-align: inherit;\">Et aucun probl\u00e8me de pointes fourchues,\u00a0 <\/span><\/span><\/span><\/span><span style=\"vertical-align: inherit;\"><span style=\"vertical-align: inherit;\"><span style=\"vertical-align: inherit;\"><span style=\"vertical-align: inherit;\">comme on peut le voir\u00a0 <\/span><\/span><\/span><\/span><span style=\"vertical-align: inherit;\"><span style=\"vertical-align: inherit;\"><span style=\"vertical-align: inherit;\"><span style=\"vertical-align: inherit;\">\u00a0ici. <\/span><\/span><\/span><\/span><span style=\"vertical-align: inherit;\"><span style=\"vertical-align: inherit;\"><span style=\"vertical-align: inherit;\"><span style=\"vertical-align: inherit;\">Nourriture pour des cheveux sains<\/span><\/span><\/span><\/span><\/li>\n<\/ul>\n<h6 class=\"keyword-text _ngcontent-tfh-108\"><span class=\"keyword _ngcontent-tfh-108\" aria-hidden=\"false\"><span style=\"vertical-align: inherit;\"><span style=\"vertical-align: inherit;\">causes de la casse des cheveux<\/span><\/span><\/span><\/h6>\n<div aria-label=\"\"><\/div>\n<ul>\n<li><span style=\"vertical-align: inherit;\"><span style=\"vertical-align: inherit;\"><span style=\"vertical-align: inherit;\"><span style=\"vertical-align: inherit;\">Si vos cheveux sont tr\u00e8s secs et pr\u00e9sentent des pointes fourchues (type arbre ou plume), il est recommand\u00e9 de couper les pointes ab\u00eem\u00e9es ou de les couper plus court.\u00a0<\/span><\/span><\/span><\/span><span style=\"vertical-align: inherit;\"><span style=\"vertical-align: inherit;\"><span style=\"vertical-align: inherit;\"><span style=\"vertical-align: inherit;\">Parce que ce type de cheveux est tr\u00e8s ab\u00eem\u00e9 et difficile \u00e0 restaurer.\u00a0<\/span><\/span><\/span><\/span><span style=\"vertical-align: inherit;\"><span style=\"vertical-align: inherit;\"><span style=\"vertical-align: inherit;\"><span style=\"vertical-align: inherit;\">Des zones \u00e0 probl\u00e8mes capillaires\u00a0 <\/span><\/span><\/span><\/span><span style=\"vertical-align: inherit;\"><span style=\"vertical-align: inherit;\"><span style=\"vertical-align: inherit;\"><span style=\"vertical-align: inherit;\">ou une coupe courte vous permettront de mieux prendre soin et entretenir vos cheveux.\u00a0<\/span><\/span><\/span><\/span><span style=\"vertical-align: inherit;\"><span style=\"vertical-align: inherit;\"><span style=\"vertical-align: inherit;\"><span style=\"vertical-align: inherit;\">De plus, les nutriments vont mieux nourrir les cheveux.\u00a0<\/span><\/span><\/span><\/span><span style=\"vertical-align: inherit;\"><span style=\"vertical-align: inherit;\"><span style=\"vertical-align: inherit;\"><span style=\"vertical-align: inherit;\">Rend les cheveux plus forts et se r\u00e9g\u00e9n\u00e8re plus rapidement<\/span><\/span><\/span><\/span><\/li>\n<li><span style=\"vertical-align: inherit;\"><span style=\"vertical-align: inherit;\"><span style=\"vertical-align: inherit;\"><span style=\"vertical-align: inherit;\">Pour les filles avec des cheveux \u00e0 probl\u00e8mes avec des pointes fourchues, pas tellement.\u00a0<\/span><\/span><\/span><\/span><span style=\"vertical-align: inherit;\"><span style=\"vertical-align: inherit;\"><span style=\"vertical-align: inherit;\"><span style=\"vertical-align: inherit;\">Ou pour celles qui nourrissent et liftent les cheveux longs, il est recommand\u00e9\u00a0 <\/span><\/span><\/span><\/span><span style=\"vertical-align: inherit;\"><span style=\"vertical-align: inherit;\"><span style=\"vertical-align: inherit;\"><span style=\"vertical-align: inherit;\">de couper les pointes des cheveux qui commencent \u00e0 se dess\u00e9cher ou les pointes fourchues <\/span><\/span><\/span><\/span><span style=\"vertical-align: inherit;\"><span style=\"vertical-align: inherit;\"><span style=\"vertical-align: inherit;\"><span style=\"vertical-align: inherit;\">\u00a0tous les un \u00e0 deux mois au moins.<\/span><\/span><\/span><\/span><\/li>\n<\/ul>\n<p><span style=\"vertical-align: inherit;\"><span style=\"vertical-align: inherit;\"><span style=\"vertical-align: inherit;\"><span style=\"vertical-align: inherit;\">En plus d&#8217;\u00e9viter les causes\u00a0 <\/span><\/span><\/span><\/span><span style=\"vertical-align: inherit;\"><span style=\"vertical-align: inherit;\"><span style=\"vertical-align: inherit;\"><span style=\"vertical-align: inherit;\">et les comportements\u00a0 <\/span><\/span><\/span><\/span><span style=\"vertical-align: inherit;\"><span style=\"vertical-align: inherit;\"><span style=\"vertical-align: inherit;\"><span style=\"vertical-align: inherit;\">entra\u00eenant des pointes fourchues,\u00a0 <\/span><\/span><\/span><\/span><span style=\"vertical-align: inherit;\"><span style=\"vertical-align: inherit;\"><span style=\"vertical-align: inherit;\"><span style=\"vertical-align: inherit;\">nous devons \u00e9galement prot\u00e9ger\u00a0 <\/span><\/span><\/span><\/span><span style=\"vertical-align: inherit;\"><span style=\"vertical-align: inherit;\"><span style=\"vertical-align: inherit;\"><span style=\"vertical-align: inherit;\">chaque produit pr\u00eat \u00e0 l&#8217;emploi en fonction des cheveux.\u00a0<\/span><\/span><\/span><\/span><span style=\"vertical-align: inherit;\"><span style=\"vertical-align: inherit;\"><span style=\"vertical-align: inherit;\"><span style=\"vertical-align: inherit;\">Pour restaurer et prot\u00e9ger les cheveux r\u00e9guli\u00e8rement\u00a0 <\/span><\/span><\/span><\/span><span style=\"vertical-align: inherit;\"><span style=\"vertical-align: inherit;\"><span style=\"vertical-align: inherit;\"><span style=\"vertical-align: inherit;\">en choisissant des shampoings pour traiter les pointes fourchues, des apr\u00e8s-shampooings et des soins adapt\u00e9s \u00e0 l&#8217;\u00e9tat des cheveux.\u00a0<\/span><\/span><\/span><\/span><span style=\"vertical-align: inherit;\"><span style=\"vertical-align: inherit;\"><span style=\"vertical-align: inherit;\"><span style=\"vertical-align: inherit;\">Pour renforcer l&#8217;efficacit\u00e9 des soins capillaires \u00e0 la pointe et nourrir les cheveux pour qu&#8217;ils soient \u00e0 nouveau beaux.<\/span><\/span><\/span><\/span><\/p>\n<\/section>\n<\/article>\n<\/div>\n<p>&nbsp;<\/p>\n","protected":false},"excerpt":{"rendered":"<p>cheveux cassants &nbsp; &nbsp; Que dois-je faire lorsque mes cheveux sont secs et fourchus ?\u00a0Apprenons \u00e0 conna\u00eetre les causes et les traitements des pointes fourchues. Les pointes fourchues rendent les cheveux aux extr\u00e9mit\u00e9s gonfl\u00e9s et cassants et peuvent se casser et tomber aux extr\u00e9mit\u00e9s.\u00a0Habituellement, les pointes fourchues \u00e0 l&#8217;extr\u00e9mit\u00e9 des cheveux peuvent \u00eatre divis\u00e9es en &hellip;<\/p>\n","protected":false},"author":2,"featured_media":21101,"comment_status":"open","ping_status":"open","sticky":false,"template":"","format":"standard","meta":{"footnotes":""},"categories":[27693],"tags":[27949],"class_list":["post-21109","post","type-post","status-publish","format-standard","has-post-thumbnail","hentry","category-soin-des-cheveux","tag-cheveux-cassants"],"yoast_head":"<!-- This site is optimized with the Yoast SEO plugin v27.4 - https:\/\/yoast.com\/product\/yoast-seo-wordpress\/ -->\n<title>cheveux cassants - the health<\/title>\n<meta name=\"description\" content=\"hair breakage What do I do when my hair is dry and split ends? Let&#039;s get to know the causes and treatments for split ends.\" \/>\n<meta name=\"robots\" content=\"index, follow, max-snippet:-1, max-image-preview:large, max-video-preview:-1\" \/>\n<link rel=\"canonical\" href=\"https:\/\/ahelth.com\/fr\/hair-breakage\/\" \/>\n<meta property=\"og:locale\" content=\"fr_FR\" \/>\n<meta property=\"og:type\" content=\"article\" \/>\n<meta property=\"og:title\" content=\"cheveux cassants - the health\" \/>\n<meta property=\"og:description\" content=\"hair breakage What do I do when my hair is dry and split ends? Let&#039;s get to know the causes and treatments for split ends.\" \/>\n<meta property=\"og:url\" content=\"https:\/\/ahelth.com\/fr\/hair-breakage\/\" \/>\n<meta property=\"og:site_name\" content=\"the health\" \/>\n<meta property=\"article:published_time\" content=\"2023-05-09T08:44:52+00:00\" \/>\n<meta property=\"article:modified_time\" content=\"2023-05-09T08:48:50+00:00\" \/>\n<meta property=\"og:image\" content=\"https:\/\/ahelth.com\/wp-content\/uploads\/2023\/05\/hair-breakage.jpeg\" \/>\n\t<meta property=\"og:image:width\" content=\"1210\" \/>\n\t<meta property=\"og:image:height\" content=\"684\" \/>\n\t<meta property=\"og:image:type\" content=\"image\/jpeg\" \/>\n<meta name=\"author\" content=\"eymen\" \/>\n<meta name=\"twitter:card\" content=\"summary_large_image\" \/>\n<meta name=\"twitter:label1\" content=\"\u00c9crit par\" \/>\n\t<meta name=\"twitter:data1\" content=\"eymen\" \/>\n\t<meta name=\"twitter:label2\" content=\"Dur\u00e9e de lecture estim\u00e9e\" \/>\n\t<meta name=\"twitter:data2\" content=\"8 minutes\" \/>\n<script type=\"application\/ld+json\" class=\"yoast-schema-graph\">{\"@context\":\"https:\\\/\\\/schema.org\",\"@graph\":[{\"@type\":\"Article\",\"@id\":\"https:\\\/\\\/ahelth.com\\\/fr\\\/hair-breakage\\\/#article\",\"isPartOf\":{\"@id\":\"https:\\\/\\\/ahelth.com\\\/fr\\\/hair-breakage\\\/\"},\"author\":{\"name\":\"eymen\",\"@id\":\"https:\\\/\\\/ahelth.com\\\/es\\\/#\\\/schema\\\/person\\\/8ef1691ea3282353a2a356f6200dd0ad\"},\"headline\":\"cheveux cassants\",\"datePublished\":\"2023-05-09T08:44:52+00:00\",\"dateModified\":\"2023-05-09T08:48:50+00:00\",\"mainEntityOfPage\":{\"@id\":\"https:\\\/\\\/ahelth.com\\\/fr\\\/hair-breakage\\\/\"},\"wordCount\":1629,\"commentCount\":0,\"image\":{\"@id\":\"https:\\\/\\\/ahelth.com\\\/fr\\\/hair-breakage\\\/#primaryimage\"},\"thumbnailUrl\":\"https:\\\/\\\/ahelth.com\\\/wp-content\\\/uploads\\\/2023\\\/05\\\/hair-breakage.jpeg\",\"keywords\":[\"cheveux cassants\"],\"articleSection\":[\"soin des cheveux\"],\"inLanguage\":\"fr-FR\",\"potentialAction\":[{\"@type\":\"CommentAction\",\"name\":\"Comment\",\"target\":[\"https:\\\/\\\/ahelth.com\\\/fr\\\/hair-breakage\\\/#respond\"]}]},{\"@type\":\"WebPage\",\"@id\":\"https:\\\/\\\/ahelth.com\\\/fr\\\/hair-breakage\\\/\",\"url\":\"https:\\\/\\\/ahelth.com\\\/fr\\\/hair-breakage\\\/\",\"name\":\"cheveux cassants - the health\",\"isPartOf\":{\"@id\":\"https:\\\/\\\/ahelth.com\\\/es\\\/#website\"},\"primaryImageOfPage\":{\"@id\":\"https:\\\/\\\/ahelth.com\\\/fr\\\/hair-breakage\\\/#primaryimage\"},\"image\":{\"@id\":\"https:\\\/\\\/ahelth.com\\\/fr\\\/hair-breakage\\\/#primaryimage\"},\"thumbnailUrl\":\"https:\\\/\\\/ahelth.com\\\/wp-content\\\/uploads\\\/2023\\\/05\\\/hair-breakage.jpeg\",\"datePublished\":\"2023-05-09T08:44:52+00:00\",\"dateModified\":\"2023-05-09T08:48:50+00:00\",\"author\":{\"@id\":\"https:\\\/\\\/ahelth.com\\\/es\\\/#\\\/schema\\\/person\\\/8ef1691ea3282353a2a356f6200dd0ad\"},\"description\":\"hair breakage What do I do when my hair is dry and split ends? Let's get to know the causes and treatments for split ends.\",\"breadcrumb\":{\"@id\":\"https:\\\/\\\/ahelth.com\\\/fr\\\/hair-breakage\\\/#breadcrumb\"},\"inLanguage\":\"fr-FR\",\"potentialAction\":[{\"@type\":\"ReadAction\",\"target\":[\"https:\\\/\\\/ahelth.com\\\/fr\\\/hair-breakage\\\/\"]}]},{\"@type\":\"ImageObject\",\"inLanguage\":\"fr-FR\",\"@id\":\"https:\\\/\\\/ahelth.com\\\/fr\\\/hair-breakage\\\/#primaryimage\",\"url\":\"https:\\\/\\\/ahelth.com\\\/wp-content\\\/uploads\\\/2023\\\/05\\\/hair-breakage.jpeg\",\"contentUrl\":\"https:\\\/\\\/ahelth.com\\\/wp-content\\\/uploads\\\/2023\\\/05\\\/hair-breakage.jpeg\",\"width\":1210,\"height\":684,\"caption\":\"hair breakage\"},{\"@type\":\"BreadcrumbList\",\"@id\":\"https:\\\/\\\/ahelth.com\\\/fr\\\/hair-breakage\\\/#breadcrumb\",\"itemListElement\":[{\"@type\":\"ListItem\",\"position\":1,\"name\":\"Home\",\"item\":\"https:\\\/\\\/ahelth.com\\\/fr\\\/\"},{\"@type\":\"ListItem\",\"position\":2,\"name\":\"cheveux cassants\"}]},{\"@type\":\"WebSite\",\"@id\":\"https:\\\/\\\/ahelth.com\\\/es\\\/#website\",\"url\":\"https:\\\/\\\/ahelth.com\\\/es\\\/\",\"name\":\"the health\",\"description\":\"Articles on health\",\"potentialAction\":[{\"@type\":\"SearchAction\",\"target\":{\"@type\":\"EntryPoint\",\"urlTemplate\":\"https:\\\/\\\/ahelth.com\\\/es\\\/?s={search_term_string}\"},\"query-input\":{\"@type\":\"PropertyValueSpecification\",\"valueRequired\":true,\"valueName\":\"search_term_string\"}}],\"inLanguage\":\"fr-FR\"},{\"@type\":\"Person\",\"@id\":\"https:\\\/\\\/ahelth.com\\\/es\\\/#\\\/schema\\\/person\\\/8ef1691ea3282353a2a356f6200dd0ad\",\"name\":\"eymen\",\"image\":{\"@type\":\"ImageObject\",\"inLanguage\":\"fr-FR\",\"@id\":\"https:\\\/\\\/ahelth.com\\\/wp-content\\\/litespeed\\\/avatar\\\/0067383438e41fa4c4b4fafeea3c919b.jpg?ver=1777166873\",\"url\":\"https:\\\/\\\/ahelth.com\\\/wp-content\\\/litespeed\\\/avatar\\\/0067383438e41fa4c4b4fafeea3c919b.jpg?ver=1777166873\",\"contentUrl\":\"https:\\\/\\\/ahelth.com\\\/wp-content\\\/litespeed\\\/avatar\\\/0067383438e41fa4c4b4fafeea3c919b.jpg?ver=1777166873\",\"caption\":\"eymen\"},\"url\":\"https:\\\/\\\/ahelth.com\\\/fr\\\/author\\\/eymen\\\/\"}]}<\/script>\n<!-- \/ Yoast SEO plugin. -->","yoast_head_json":{"title":"cheveux cassants - the health","description":"hair breakage What do I do when my hair is dry and split ends? Let's get to know the causes and treatments for split ends.","robots":{"index":"index","follow":"follow","max-snippet":"max-snippet:-1","max-image-preview":"max-image-preview:large","max-video-preview":"max-video-preview:-1"},"canonical":"https:\/\/ahelth.com\/fr\/hair-breakage\/","og_locale":"fr_FR","og_type":"article","og_title":"cheveux cassants - the health","og_description":"hair breakage What do I do when my hair is dry and split ends? Let's get to know the causes and treatments for split ends.","og_url":"https:\/\/ahelth.com\/fr\/hair-breakage\/","og_site_name":"the health","article_published_time":"2023-05-09T08:44:52+00:00","article_modified_time":"2023-05-09T08:48:50+00:00","og_image":[{"width":1210,"height":684,"url":"https:\/\/ahelth.com\/wp-content\/uploads\/2023\/05\/hair-breakage.jpeg","type":"image\/jpeg"}],"author":"eymen","twitter_card":"summary_large_image","twitter_misc":{"\u00c9crit par":"eymen","Dur\u00e9e de lecture estim\u00e9e":"8 minutes"},"schema":{"@context":"https:\/\/schema.org","@graph":[{"@type":"Article","@id":"https:\/\/ahelth.com\/fr\/hair-breakage\/#article","isPartOf":{"@id":"https:\/\/ahelth.com\/fr\/hair-breakage\/"},"author":{"name":"eymen","@id":"https:\/\/ahelth.com\/es\/#\/schema\/person\/8ef1691ea3282353a2a356f6200dd0ad"},"headline":"cheveux cassants","datePublished":"2023-05-09T08:44:52+00:00","dateModified":"2023-05-09T08:48:50+00:00","mainEntityOfPage":{"@id":"https:\/\/ahelth.com\/fr\/hair-breakage\/"},"wordCount":1629,"commentCount":0,"image":{"@id":"https:\/\/ahelth.com\/fr\/hair-breakage\/#primaryimage"},"thumbnailUrl":"https:\/\/ahelth.com\/wp-content\/uploads\/2023\/05\/hair-breakage.jpeg","keywords":["cheveux cassants"],"articleSection":["soin des cheveux"],"inLanguage":"fr-FR","potentialAction":[{"@type":"CommentAction","name":"Comment","target":["https:\/\/ahelth.com\/fr\/hair-breakage\/#respond"]}]},{"@type":"WebPage","@id":"https:\/\/ahelth.com\/fr\/hair-breakage\/","url":"https:\/\/ahelth.com\/fr\/hair-breakage\/","name":"cheveux cassants - the health","isPartOf":{"@id":"https:\/\/ahelth.com\/es\/#website"},"primaryImageOfPage":{"@id":"https:\/\/ahelth.com\/fr\/hair-breakage\/#primaryimage"},"image":{"@id":"https:\/\/ahelth.com\/fr\/hair-breakage\/#primaryimage"},"thumbnailUrl":"https:\/\/ahelth.com\/wp-content\/uploads\/2023\/05\/hair-breakage.jpeg","datePublished":"2023-05-09T08:44:52+00:00","dateModified":"2023-05-09T08:48:50+00:00","author":{"@id":"https:\/\/ahelth.com\/es\/#\/schema\/person\/8ef1691ea3282353a2a356f6200dd0ad"},"description":"hair breakage What do I do when my hair is dry and split ends? Let's get to know the causes and treatments for split ends.","breadcrumb":{"@id":"https:\/\/ahelth.com\/fr\/hair-breakage\/#breadcrumb"},"inLanguage":"fr-FR","potentialAction":[{"@type":"ReadAction","target":["https:\/\/ahelth.com\/fr\/hair-breakage\/"]}]},{"@type":"ImageObject","inLanguage":"fr-FR","@id":"https:\/\/ahelth.com\/fr\/hair-breakage\/#primaryimage","url":"https:\/\/ahelth.com\/wp-content\/uploads\/2023\/05\/hair-breakage.jpeg","contentUrl":"https:\/\/ahelth.com\/wp-content\/uploads\/2023\/05\/hair-breakage.jpeg","width":1210,"height":684,"caption":"hair breakage"},{"@type":"BreadcrumbList","@id":"https:\/\/ahelth.com\/fr\/hair-breakage\/#breadcrumb","itemListElement":[{"@type":"ListItem","position":1,"name":"Home","item":"https:\/\/ahelth.com\/fr\/"},{"@type":"ListItem","position":2,"name":"cheveux cassants"}]},{"@type":"WebSite","@id":"https:\/\/ahelth.com\/es\/#website","url":"https:\/\/ahelth.com\/es\/","name":"the health","description":"Articles on health","potentialAction":[{"@type":"SearchAction","target":{"@type":"EntryPoint","urlTemplate":"https:\/\/ahelth.com\/es\/?s={search_term_string}"},"query-input":{"@type":"PropertyValueSpecification","valueRequired":true,"valueName":"search_term_string"}}],"inLanguage":"fr-FR"},{"@type":"Person","@id":"https:\/\/ahelth.com\/es\/#\/schema\/person\/8ef1691ea3282353a2a356f6200dd0ad","name":"eymen","image":{"@type":"ImageObject","inLanguage":"fr-FR","@id":"https:\/\/ahelth.com\/wp-content\/litespeed\/avatar\/0067383438e41fa4c4b4fafeea3c919b.jpg?ver=1777166873","url":"https:\/\/ahelth.com\/wp-content\/litespeed\/avatar\/0067383438e41fa4c4b4fafeea3c919b.jpg?ver=1777166873","contentUrl":"https:\/\/ahelth.com\/wp-content\/litespeed\/avatar\/0067383438e41fa4c4b4fafeea3c919b.jpg?ver=1777166873","caption":"eymen"},"url":"https:\/\/ahelth.com\/fr\/author\/eymen\/"}]}},"_links":{"self":[{"href":"https:\/\/ahelth.com\/fr\/wp-json\/wp\/v2\/posts\/21109","targetHints":{"allow":["GET"]}}],"collection":[{"href":"https:\/\/ahelth.com\/fr\/wp-json\/wp\/v2\/posts"}],"about":[{"href":"https:\/\/ahelth.com\/fr\/wp-json\/wp\/v2\/types\/post"}],"author":[{"embeddable":true,"href":"https:\/\/ahelth.com\/fr\/wp-json\/wp\/v2\/users\/2"}],"replies":[{"embeddable":true,"href":"https:\/\/ahelth.com\/fr\/wp-json\/wp\/v2\/comments?post=21109"}],"version-history":[{"count":2,"href":"https:\/\/ahelth.com\/fr\/wp-json\/wp\/v2\/posts\/21109\/revisions"}],"predecessor-version":[{"id":21118,"href":"https:\/\/ahelth.com\/fr\/wp-json\/wp\/v2\/posts\/21109\/revisions\/21118"}],"wp:featuredmedia":[{"embeddable":true,"href":"https:\/\/ahelth.com\/fr\/wp-json\/wp\/v2\/media\/21101"}],"wp:attachment":[{"href":"https:\/\/ahelth.com\/fr\/wp-json\/wp\/v2\/media?parent=21109"}],"wp:term":[{"taxonomy":"category","embeddable":true,"href":"https:\/\/ahelth.com\/fr\/wp-json\/wp\/v2\/categories?post=21109"},{"taxonomy":"post_tag","embeddable":true,"href":"https:\/\/ahelth.com\/fr\/wp-json\/wp\/v2\/tags?post=21109"}],"curies":[{"name":"wp","href":"https:\/\/api.w.org\/{rel}","templated":true}]}}