{"id":20857,"date":"2023-03-23T10:59:36","date_gmt":"2023-03-23T10:59:36","guid":{"rendered":"https:\/\/ahelth.com\/types-of-hair-color\/"},"modified":"2023-03-23T11:12:42","modified_gmt":"2023-03-23T11:12:42","slug":"types-of-hair-color","status":"publish","type":"post","link":"https:\/\/ahelth.com\/tr\/types-of-hair-color\/","title":{"rendered":"sa\u00e7 rengi t\u00fcrleri"},"content":{"rendered":"<h1 class=\"keyword-text _ngcontent-iho-108\"><span class=\"keyword _ngcontent-iho-108\" aria-hidden=\"false\"><span style=\"vertical-align: inherit;\"><span style=\"vertical-align: inherit;\">sa\u00e7 rengi t\u00fcrleri<\/span><\/span><\/span><\/h1>\n<p>&nbsp;<\/p>\n<header class=\"article-header mb-5 mb-md-7 mb-lg-8\" data-article-view=\"36 \u0e1c\u0e21\u0e2a\u0e35\u0e19\u0e49\u0e33\u0e15\u0e32\u0e25\u0e18\u0e23\u0e23\u0e21\u0e0a\u0e32\u0e15\u0e34 \u0e42\u0e17\u0e19\u0e2a\u0e35\u0e1c\u0e21\u0e2a\u0e27\u0e22\u0e46 \u0e0a\u0e48\u0e27\u0e22\u0e43\u0e2b\u0e49\u0e43\u0e1a\u0e2b\u0e19\u0e49\u0e32\u0e2a\u0e27\u0e48\u0e32\u0e07 \u0e41\u0e16\u0e21\u0e14\u0e39\u0e40\u0e14\u0e47\u0e01\u0e25\u0e07\">\n<div class=\"_page-heading text-left text-md-center\">\n<p class=\"h1 mb-4\" data-article-view=\"36 \u0e1c\u0e21\u0e2a\u0e35\u0e19\u0e49\u0e33\u0e15\u0e32\u0e25\u0e18\u0e23\u0e23\u0e21\u0e0a\u0e32\u0e15\u0e34 \u0e42\u0e17\u0e19\u0e2a\u0e35\u0e1c\u0e21\u0e2a\u0e27\u0e22\u0e46 \u0e0a\u0e48\u0e27\u0e22\u0e43\u0e2b\u0e49\u0e43\u0e1a\u0e2b\u0e19\u0e49\u0e32\u0e2a\u0e27\u0e48\u0e32\u0e07 \u0e41\u0e16\u0e21\u0e14\u0e39\u0e40\u0e14\u0e47\u0e01\u0e25\u0e07\"><strong><span style=\"vertical-align: inherit;\"><span style=\"vertical-align: inherit;\"><span style=\"vertical-align: inherit;\"><span style=\"vertical-align: inherit;\">36 Do\u011fal Kumral Sa\u00e7 G\u00fczel sa\u00e7 tonlar\u0131 y\u00fcz\u00fc ayd\u0131nlat\u0131r ve daha gen\u00e7 g\u00f6r\u00fcnmesini sa\u011flar.<\/span><\/span><\/span><\/span><\/strong><\/p>\n<div class=\"description the_excerpt mb-6 mb-md-5\"><span style=\"vertical-align: inherit;\"><span style=\"vertical-align: inherit;\"><span style=\"vertical-align: inherit;\"><span style=\"vertical-align: inherit;\">Kahverengi sa\u00e7, Asyal\u0131lar i\u00e7in g\u00fczel ve uygun bir sa\u00e7 rengidir. <\/span><\/span><\/span><\/span><a href=\"https:\/\/ahelth.com\/tr\/types-of-hair\/\"><span style=\"vertical-align: inherit;\"><span style=\"vertical-align: inherit;\"><span style=\"vertical-align: inherit;\"><span style=\"vertical-align: inherit;\">Orijinal sa\u00e7<\/span><\/span><\/span><\/span><\/a><span style=\"vertical-align: inherit;\"><span style=\"vertical-align: inherit;\"><span style=\"vertical-align: inherit;\"><span style=\"vertical-align: inherit;\"> rengine yak\u0131n oldu\u011fu <\/span><\/span><\/span><\/span><span style=\"vertical-align: inherit;\"><span style=\"vertical-align: inherit;\"><span style=\"vertical-align: inherit;\"><span style=\"vertical-align: inherit;\">ve \u00e7o\u011funlukla siyah oldu\u011fu i\u00e7in sa\u00e7\u0131m\u0131 kahveye boyad\u0131\u011f\u0131mda yine tonlu ve do\u011fall\u0131\u011f\u0131 y\u00fcksek olacakt\u0131r. <\/span><\/span><\/span><span style=\"vertical-align: inherit;\"><span style=\"vertical-align: inherit;\"><span style=\"vertical-align: inherit;\">Bu da y\u00fcz\u00fc hafifletmeye ve daha gen\u00e7 g\u00f6r\u00fcnmesine yard\u0131mc\u0131 olur.<\/span><\/span><\/span><\/span><\/div>\n<\/div>\n<section class=\"_slider-gallery \">\n<div class=\"swiper-container-thumbs slider-container thumbs-slider d-none d-md-block bg-white swiper-container-initialized swiper-container-horizontal\">\n<div class=\"swiper-wrapper\">\n<div class=\"swiper-slide slide skeleton\" aria-hidden=\"true\">\n<div class=\"img-wraper\"><img decoding=\"async\" class=\"lozad image\" src=\"data:image\/png;base64,iVBORw0KGgoAAAANSUhEUgAAAAEAAAABAQMAAAAl21bKAAAAA1BMVEUAAACnej3aAAAAAXRSTlMAQObYZgAAAApJREFUCNdjYAAAAAIAAeIhvDMAAAAASUVORK5CYII=\" alt=\"Asyal\u0131 kad\u0131n, k\u0131sa sa\u00e7, do\u011fal kahverengi sa\u00e7, g\u00fczel sa\u00e7 rengi, par\u0131ldayan y\u00fcz\" data-src=\"https:\/\/ath2.unileverservices.com\/wp-content\/uploads\/sites\/9\/2022\/10\/23141502\/Natural_brown_brown_highlighti-120x120.jpg\" \/><\/div>\n<div><\/div>\n<\/div>\n<\/div>\n<\/div>\n<\/section>\n<\/header>\n<section class=\"the-content\"><strong><span style=\"vertical-align: inherit;\"><span style=\"vertical-align: inherit;\"><span style=\"vertical-align: inherit;\"><span style=\"vertical-align: inherit;\">Kahverengi sa\u00e7 boyas\u0131 se\u00e7imi,\u00a0 <\/span><\/span><\/span><\/span><\/strong><span style=\"vertical-align: inherit;\"><a href=\"https:\/\/en.wikipedia.org\/wiki\/Human_hair_color\"><span style=\"vertical-align: inherit;\"><span style=\"vertical-align: inherit;\"><span style=\"vertical-align: inherit;\">ister do\u011fal bir kahverengi renk olsun<\/span><\/span><\/span><\/a><\/span><span style=\"vertical-align: inherit;\"><span style=\"vertical-align: inherit;\"><span style=\"vertical-align: inherit;\"><span style=\"vertical-align: inherit;\"> , bir\u00e7ok g\u00f6lgeye ayr\u0131labilir <\/span><\/span><\/span><\/span><span style=\"vertical-align: inherit;\"><span style=\"vertical-align: inherit;\"><span style=\"vertical-align: inherit;\"><span style=\"vertical-align: inherit;\">. <\/span><\/span><\/span><span style=\"vertical-align: inherit;\"><span style=\"vertical-align: inherit;\"><span style=\"vertical-align: inherit;\">koyu kahverengi \u00e7ikolata kahverengi koyu kahverengi gibi a\u00e7\u0131k kahverengi gibi kahverengi sar\u0131\u015f\u0131n ve \u00e7e\u015fitli \u0131\u015f\u0131lt\u0131l\u0131 kahverengi aralar\u0131ndan se\u00e7im yapabilece\u011finiz bir\u00e7ok ton oldu\u011fu s\u00f6ylenebilir. <\/span><\/span><\/span><span style=\"vertical-align: inherit;\"><span style=\"vertical-align: inherit;\"><span style=\"vertical-align: inherit;\">Her turdaki tur say\u0131s\u0131 ne olursa olsun can s\u0131k\u0131nt\u0131s\u0131 nadirdir. <\/span><\/span><\/span><span style=\"vertical-align: inherit;\"><span style=\"vertical-align: inherit;\"><span style=\"vertical-align: inherit;\">Ancak\u00a0 <\/span><\/span><\/span><strong><span style=\"vertical-align: inherit;\"><span style=\"vertical-align: inherit;\"><span style=\"vertical-align: inherit;\">cilt tonunuza uygun bir kahverengi se\u00e7in.\u00a0<\/span><\/span><\/span><\/strong><span style=\"vertical-align: inherit;\"><span style=\"vertical-align: inherit;\"><span style=\"vertical-align: inherit;\">K\u0131zlar\u0131n \u00e7ok daha iyi g\u00f6r\u00fcnmesine yard\u0131mc\u0131 olacakt\u0131r, a\u011f\u0131rl\u0131kl\u0131 olarak orta kahverengi, a\u00e7\u0131k kahverengi, alt\u0131n kahverengi ve karamel rengi, cildi eskisinden daha koyu hale getirmedi\u011fi i\u00e7in koyu tenli veya iki tonlu cilde sahip ki\u015filer i\u00e7in uygundur. <\/span><\/span><\/span><span style=\"vertical-align: inherit;\"><span style=\"vertical-align: inherit;\"><span style=\"vertical-align: inherit;\">Ancak cildi daha p\u00fcr\u00fczs\u00fcz ve \u00e7ekici g\u00f6r\u00fcnmesi i\u00e7in zorlayacakt\u0131r.<\/span><\/span><\/span><\/span><\/p>\n<figure id=\"attachment_20810\" aria-describedby=\"caption-attachment-20810\" style=\"width: 153px\" class=\"wp-caption alignnone\"><img loading=\"lazy\" decoding=\"async\" class=\"size-full wp-image-20810\" src=\"https:\/\/ahelth.com\/wp-content\/uploads\/2023\/03\/the-hair-2.jpg\" alt=\"sa\u00e7 rengi t\u00fcrleri\" width=\"153\" height=\"281\" \/><figcaption id=\"caption-attachment-20810\" class=\"wp-caption-text\"><span style=\"vertical-align: inherit;\"><span style=\"vertical-align: inherit;\">sa\u00e7 rengi t\u00fcrleri<\/span><\/span><\/figcaption><\/figure>\n<p><span style=\"vertical-align: inherit;\"><span style=\"vertical-align: inherit;\"><span style=\"vertical-align: inherit;\"><span style=\"vertical-align: inherit;\">Sar\u0131ms\u0131 beyaz tenli ki\u015filerde ise solgun g\u00f6r\u00fcnmemek i\u00e7in\u00a0 <\/span><\/span><\/span><\/span><span style=\"vertical-align: inherit;\"><span style=\"vertical-align: inherit;\"><span style=\"vertical-align: inherit;\"><span style=\"vertical-align: inherit;\"> \u00a0k\u0131rm\u0131z\u0131ms\u0131 kahve, maun kahvesi gibi <\/span><\/span><\/span><\/span><strong><span style=\"vertical-align: inherit;\"><span style=\"vertical-align: inherit;\"><span style=\"vertical-align: inherit;\"><span style=\"vertical-align: inherit;\">a\u00e7\u0131k kahve tonlar\u0131 tercih edilmelidir \u00e7\u00fcnk\u00fc bu tonlar k\u0131rm\u0131z\u0131 pigmentler i\u00e7erir. <\/span><\/span><\/span><\/span><\/strong><span style=\"vertical-align: inherit;\"><span style=\"vertical-align: inherit;\"><span style=\"vertical-align: inherit;\"><span style=\"vertical-align: inherit;\">B\u00f6ylece cildin daha parlak g\u00f6r\u00fcnmesi i\u00e7in renk eklenmesine yard\u0131mc\u0131 olacakt\u0131r.<\/span><\/span><\/span><\/span><\/p>\n<p><span style=\"vertical-align: inherit;\"><span style=\"vertical-align: inherit;\"><span style=\"vertical-align: inherit;\"><span style=\"vertical-align: inherit;\">Beyaz ve pembe tenli <\/span><\/span><\/span><\/span><span style=\"vertical-align: inherit;\"><a href=\"https:\/\/en.wikipedia.org\/wiki\/Human_hair_color\"><span style=\"vertical-align: inherit;\"><span style=\"vertical-align: inherit;\"><span style=\"vertical-align: inherit;\">insanlar i\u00e7in<\/span><\/span><\/span><\/a><span style=\"vertical-align: inherit;\"><span style=\"vertical-align: inherit;\"><span style=\"vertical-align: inherit;\"> .\u00a0<\/span><\/span><\/span><\/span><strong><span style=\"vertical-align: inherit;\"><span style=\"vertical-align: inherit;\"><span style=\"vertical-align: inherit;\"><span style=\"vertical-align: inherit;\">A\u00e7\u0131ktan koyuya kahverenginin her tonunu kullanabilirsiniz.\u00a0<\/span><\/span><\/span><\/span><\/strong><span style=\"vertical-align: inherit;\"><span style=\"vertical-align: inherit;\"><span style=\"vertical-align: inherit;\"><span style=\"vertical-align: inherit;\">Ancak koyu kahverengi, \u00e7ikolata, kahve, mocha k\u0131l\u0131 gibi biraz daha koyu bir g\u00f6lge se\u00e7erseniz. <\/span><\/span><\/span><span style=\"vertical-align: inherit;\"><span style=\"vertical-align: inherit;\"><span style=\"vertical-align: inherit;\">Beyaz tenin pembe ve tatl\u0131 g\u00f6r\u00fcnmesini sa\u011flayacakt\u0131r. <\/span><\/span><\/span><span style=\"vertical-align: inherit;\"><span style=\"vertical-align: inherit;\"><span style=\"vertical-align: inherit;\">Ve dolgun, g\u00fczel ve sa\u011fl\u0131kl\u0131 g\u00f6r\u00fcnen bir cilde sahip olun<\/span><\/span><\/span><\/span><\/p>\n<h2 class=\"_fancy-title d-block bleed-left bleed-ath-yellow position-relative no-fancy-link pt-4 pt-md-6 pb-5 pb-md-6 \"><span class=\"d-block w-100 font-weight-bold\"><span style=\"vertical-align: inherit;\"><span style=\"vertical-align: inherit;\"><span style=\"vertical-align: inherit;\"><span style=\"vertical-align: inherit;\">Do\u011fal kahverengi sa\u00e7 boyas\u0131 fikirleri Sa\u00e7 rengi y\u00fcz\u00fc ayd\u0131nlat\u0131r<\/span><\/span><\/span><\/span><\/span><\/h2>\n<h3><span style=\"vertical-align: inherit;\"><span style=\"vertical-align: inherit;\"><span style=\"vertical-align: inherit;\"><span style=\"vertical-align: inherit;\">Alt\u0131n kahverengi sa\u00e7<\/span><\/span><\/span><\/span><\/h3>\n<figure id=\"attachment_86975\" class=\"wp-caption alignnone\" aria-describedby=\"caption-attachment-86975\"><\/figure>\n<p><span style=\"vertical-align: inherit;\"><span style=\"vertical-align: inherit;\"><span style=\"vertical-align: inherit;\"><span style=\"vertical-align: inherit;\">A\u00e7\u0131k kahverengi sa\u00e7 olarak s\u0131n\u0131fland\u0131r\u0131lan alt\u0131n kahverengi sa\u00e7lar. <\/span><\/span><\/span><span style=\"vertical-align: inherit;\"><span style=\"vertical-align: inherit;\"><span style=\"vertical-align: inherit;\">Bu renk teninizin daha parlak g\u00f6r\u00fcnmesini sa\u011flayacakt\u0131r. <\/span><\/span><\/span><span style=\"vertical-align: inherit;\"><span style=\"vertical-align: inherit;\"><span style=\"vertical-align: inherit;\">Ve beyazdan koyu tene ve koyu tene uygun bir sa\u00e7 rengi oldu\u011fundan g\u00fczel ve tatl\u0131 bir g\u00f6r\u00fcn\u00fcm verir.\u00a0<\/span><\/span><\/span><\/span><\/p>\n<h3><span style=\"vertical-align: inherit;\"><span style=\"vertical-align: inherit;\"><span style=\"vertical-align: inherit;\"><span style=\"vertical-align: inherit;\">kahverengi sa\u00e7<\/span><\/span><\/span><\/span><\/h3>\n<figure id=\"attachment_63076\" class=\"wp-caption alignnone\" aria-describedby=\"caption-attachment-63076\"><\/figure>\n<p><span style=\"vertical-align: inherit;\"><span style=\"vertical-align: inherit;\"><span style=\"vertical-align: inherit;\"><span style=\"vertical-align: inherit;\">Koyu kahve sa\u00e7 rengi, kahve sa\u00e7 rengi veya moka sa\u00e7 rengi uzun k\u0131v\u0131rc\u0131k sa\u00e7lara \u00e7ok yak\u0131\u015f\u0131yor. <\/span><\/span><\/span><span style=\"vertical-align: inherit;\"><span style=\"vertical-align: inherit;\"><span style=\"vertical-align: inherit;\">Seksi g\u00f6r\u00fcn gizemli bir g\u00f6r\u00fcn\u00fcm elde edin<\/span><\/span><\/span><\/span><\/p>\n<h3><span style=\"vertical-align: inherit;\"><span style=\"vertical-align: inherit;\"><span style=\"vertical-align: inherit;\"><span style=\"vertical-align: inherit;\">kahverengi maun;<\/span><\/span><\/span><\/span><\/h3>\n<figure id=\"attachment_86977\" class=\"wp-caption alignnone\" aria-describedby=\"caption-attachment-86977\"><\/figure>\n<p><a href=\"https:\/\/ahelth.com\/tr\/types-of-hair\/\"><span style=\"vertical-align: inherit;\"><span style=\"vertical-align: inherit;\"><span style=\"vertical-align: inherit;\"><span style=\"vertical-align: inherit;\">K\u0131zlar\u0131n<\/span><\/span><\/span><\/span><\/a><span style=\"vertical-align: inherit;\"><span style=\"vertical-align: inherit;\"><span style=\"vertical-align: inherit;\"><span style=\"vertical-align: inherit;\"> ten rengini \u00f6ne \u00e7\u0131karmaya yard\u0131mc\u0131 olan maun kahverengi kumral tonlar\u0131 . <\/span><\/span><\/span><\/span><span style=\"vertical-align: inherit;\"><span style=\"vertical-align: inherit;\"><span style=\"vertical-align: inherit;\"><span style=\"vertical-align: inherit;\">Parlak ve \u0131\u015f\u0131lt\u0131l\u0131 g\u00f6r\u00fcnmek i\u00e7in hem beyaz hem de koyu tenli kad\u0131nlara uygundur ve a\u00e7\u0131k renk sa\u00e7lar parlak g\u00f6r\u00fcn\u00fcr. <\/span><\/span><\/span><span style=\"vertical-align: inherit;\"><span style=\"vertical-align: inherit;\"><span style=\"vertical-align: inherit;\">Ayn\u0131 zamanda daha kal\u0131n g\u00f6r\u00fcnmenizi de sa\u011flar. <\/span><\/span><\/span><span style=\"vertical-align: inherit;\"><span style=\"vertical-align: inherit;\"><span style=\"vertical-align: inherit;\">Bu nedenle ince sa\u00e7l\u0131 veya ince sa\u00e7l\u0131 k\u0131zlar i\u00e7in de uygundur. <\/span><span style=\"vertical-align: inherit;\">Kredi:\u00a0<\/span><\/span><\/span><\/span><\/p>\n<h3><span style=\"vertical-align: inherit;\"><span style=\"vertical-align: inherit;\"><span style=\"vertical-align: inherit;\"><span style=\"vertical-align: inherit;\">Kahverengi s\u00fctl\u00fc \u00e7ikolata<\/span><\/span><\/span><\/span><\/h3>\n<figure id=\"attachment_20818\" aria-describedby=\"caption-attachment-20818\" style=\"width: 177px\" class=\"wp-caption alignnone\"><img loading=\"lazy\" decoding=\"async\" class=\"size-full wp-image-20818\" src=\"https:\/\/ahelth.com\/wp-content\/uploads\/2023\/03\/the-hair.jpg\" alt=\"sa\u00e7 rengi t\u00fcrleri\" width=\"177\" height=\"612\" srcset=\"https:\/\/ahelth.com\/wp-content\/uploads\/2023\/03\/the-hair.jpg 177w, https:\/\/ahelth.com\/wp-content\/uploads\/2023\/03\/the-hair-87x300.jpg 87w\" sizes=\"auto, (max-width: 177px) 100vw, 177px\" \/><figcaption id=\"caption-attachment-20818\" class=\"wp-caption-text\"><span style=\"vertical-align: inherit;\"><span style=\"vertical-align: inherit;\">sa\u00e7 rengi t\u00fcrleri<\/span><\/span><\/figcaption><\/figure>\n<figure id=\"attachment_84757\" class=\"wp-caption aligncenter\" aria-describedby=\"caption-attachment-84757\"><\/figure>\n<p><span style=\"vertical-align: inherit;\"><span style=\"vertical-align: inherit;\"><span style=\"vertical-align: inherit;\"><span style=\"vertical-align: inherit;\">Kahverengi s\u00fctl\u00fc \u00e7ikolata, y\u00fcz\u00fcn daha yumu\u015fak g\u00f6r\u00fcnmesine yard\u0131mc\u0131 olur, kare y\u00fcz \u00e7er\u00e7evesi veya sert bir y\u00fcze benzer k\u0131zlar i\u00e7in uygundur ve hafif bukleler, daha yumu\u015fak ve daha parlak g\u00f6r\u00fcnmenize yard\u0131mc\u0131 olur. <\/span><\/span><\/span><span style=\"vertical-align: inherit;\"><span style=\"vertical-align: inherit;\"><span style=\"vertical-align: inherit;\">\u00c7ikolata kahvesi sa\u00e7 Ayr\u0131ca cildi areola olu\u015fumuna itmeye yard\u0131mc\u0131 olur. <\/span><\/span><\/span><span style=\"vertical-align: inherit;\"><span style=\"vertical-align: inherit;\"><span style=\"vertical-align: inherit;\">Daha parlak g\u00f6r\u00fcn\u00fcyor.<\/span><\/span><\/span><\/span><\/p>\n<h3><span style=\"vertical-align: inherit;\"><span style=\"vertical-align: inherit;\"><span style=\"vertical-align: inherit;\"><span style=\"vertical-align: inherit;\">tar\u00e7\u0131n kahvesi<\/span><\/span><\/span><\/span><\/h3>\n<p><span style=\"vertical-align: inherit;\"><span style=\"vertical-align: inherit;\"><span style=\"vertical-align: inherit;\"><span style=\"vertical-align: inherit;\">Tar\u00e7\u0131n kahvesi veya tar\u00e7\u0131n kahvesi, k\u0131rm\u0131z\u0131ms\u0131 bir belirti ile koyu kahverengidir. <\/span><\/span><\/span><span style=\"vertical-align: inherit;\"><span style=\"vertical-align: inherit;\"><span style=\"vertical-align: inherit;\">Do\u011fal g\u00f6r\u00fcn\u00fcyor. <\/span><span style=\"vertical-align: inherit;\">Ayr\u0131ca sevimli ve gen\u00e7 g\u00f6r\u00fcnmesini sa\u011flayan kahverengi bir renktir. <\/span><span style=\"vertical-align: inherit;\">Do\u011fal k\u0131v\u0131rc\u0131k sa\u00e7larla e\u015fle\u015ftirmek, y\u00fcz\u00fcn daha gen\u00e7 g\u00f6r\u00fcnmesine de yard\u0131mc\u0131 olur.<\/span><\/span><\/span><\/span><\/p>\n<h3><span style=\"vertical-align: inherit;\"><span style=\"vertical-align: inherit;\"><span style=\"vertical-align: inherit;\"><span style=\"vertical-align: inherit;\">a\u00e7\u0131k kahverengi alt\u0131n<\/span><\/span><\/span><\/span><\/h3>\n<figure id=\"attachment_20826\" aria-describedby=\"caption-attachment-20826\" style=\"width: 548px\" class=\"wp-caption alignnone\"><img loading=\"lazy\" decoding=\"async\" class=\"size-full wp-image-20826\" src=\"https:\/\/ahelth.com\/wp-content\/uploads\/2023\/03\/the-hair-4.jpg\" alt=\"sa\u00e7 rengi t\u00fcrleri\" width=\"548\" height=\"746\" srcset=\"https:\/\/ahelth.com\/wp-content\/uploads\/2023\/03\/the-hair-4.jpg 548w, https:\/\/ahelth.com\/wp-content\/uploads\/2023\/03\/the-hair-4-220x300.jpg 220w\" sizes=\"auto, (max-width: 548px) 100vw, 548px\" \/><figcaption id=\"caption-attachment-20826\" class=\"wp-caption-text\"><span style=\"vertical-align: inherit;\"><span style=\"vertical-align: inherit;\">sa\u00e7 rengi t\u00fcrleri<\/span><\/span><\/figcaption><\/figure>\n<figure id=\"attachment_86976\" class=\"wp-caption alignnone\" aria-describedby=\"caption-attachment-86976\"><\/figure>\n<p><span style=\"vertical-align: inherit;\"><span style=\"vertical-align: inherit;\"><span style=\"vertical-align: inherit;\"><span style=\"vertical-align: inherit;\">Y\u00fcz\u00fc ayd\u0131nlatan g\u00fczel bir sa\u00e7 rengi. <\/span><span style=\"vertical-align: inherit;\">Alt\u0131n par\u0131lt\u0131l\u0131 a\u00e7\u0131k kahverengi olan ba\u015fka bir renkle haleye bak\u0131n. <\/span><\/span><\/span><span style=\"vertical-align: inherit;\"><span style=\"vertical-align: inherit;\"><span style=\"vertical-align: inherit;\">A\u00e7\u0131k kahve renginde olmas\u0131na ra\u011fmen do\u011fall\u0131\u011f\u0131n\u0131 koruyan bir \u00e7e\u015fittir. <\/span><\/span><\/span><span style=\"vertical-align: inherit;\"><span style=\"vertical-align: inherit;\"><span style=\"vertical-align: inherit;\">Alt\u0131n\u0131n parlakl\u0131\u011f\u0131, \u0131\u015f\u0131\u011fa veya g\u00fcne\u015f \u0131\u015f\u0131\u011f\u0131na maruz kald\u0131\u011f\u0131nda net bir \u015fekilde yans\u0131r. <\/span><\/span><\/span><span style=\"vertical-align: inherit;\"><span style=\"vertical-align: inherit;\"><span style=\"vertical-align: inherit;\">Y\u00fcz\u00fcn daha parlak g\u00f6r\u00fcnmesine yard\u0131mc\u0131 olun. <\/span><\/span><\/span><span style=\"vertical-align: inherit;\"><span style=\"vertical-align: inherit;\"><span style=\"vertical-align: inherit;\">Beyaz, sar\u0131 ve koyu tenli k\u0131zlar i\u00e7in uygundur.<\/span><\/span><\/span><\/span><\/p>\n<h3><span style=\"vertical-align: inherit;\"><span style=\"vertical-align: inherit;\"><span style=\"vertical-align: inherit;\"><span style=\"vertical-align: inherit;\">Hafif vurgulara sahip do\u011fal kahverengi sa\u00e7lar.<\/span><\/span><\/span><\/span><\/h3>\n<figure id=\"attachment_86978\" class=\"wp-caption alignnone\" aria-describedby=\"caption-attachment-86978\"><\/figure>\n<p><span style=\"vertical-align: inherit;\"><span style=\"vertical-align: inherit;\"><span style=\"vertical-align: inherit;\"><span style=\"vertical-align: inherit;\">A\u00e7\u0131k kahverengi sa\u00e7 vurgular\u0131, sa\u00e7 modelinize boyut kazand\u0131rman\u0131za yard\u0131mc\u0131 olur. <\/span><\/span><\/span><span style=\"vertical-align: inherit;\"><span style=\"vertical-align: inherit;\"><span style=\"vertical-align: inherit;\">\u0130nce telli koyu kahverengi sa\u00e7lar\u0131n\u0131z varsa. <\/span><\/span><\/span><span style=\"vertical-align: inherit;\"><span style=\"vertical-align: inherit;\"><span style=\"vertical-align: inherit;\">Ba\u015f\u0131n her yerinde ve y\u00fcz\u00fc \u00e7evreleyen sa\u00e7a boyut kazand\u0131rmaya ve keskin ve koyu bir y\u00fcz \u00e7er\u00e7evesi olu\u015fturmaya yard\u0131mc\u0131 olur. <\/span><\/span><\/span><span style=\"vertical-align: inherit;\"><span style=\"vertical-align: inherit;\"><span style=\"vertical-align: inherit;\">Y\u00fcz kolayca daha ince g\u00f6r\u00fcn\u00fcr. <\/span><\/span><\/span><span style=\"vertical-align: inherit;\"><span style=\"vertical-align: inherit;\"><span style=\"vertical-align: inherit;\">Y\u00fcze parlakl\u0131k katmak dahil, \u00e7ok mat de\u011fil Kredi: yuya__hair<\/span><\/span><\/span><\/span><\/p>\n<p><span style=\"vertical-align: inherit;\"><span style=\"vertical-align: inherit;\"><span style=\"vertical-align: inherit;\"><span style=\"vertical-align: inherit;\">Sa\u00e7\u0131n\u0131z\u0131 a\u00e7\u0131k kahveye boyamay\u0131 tercih ederseniz. <\/span><\/span><\/span><span style=\"vertical-align: inherit;\"><span style=\"vertical-align: inherit;\"><span style=\"vertical-align: inherit;\">Sa\u00e7a daha hafif yap\u0131 ipu\u00e7lar\u0131 ekleyin. <\/span><\/span><\/span><span style=\"vertical-align: inherit;\"><span style=\"vertical-align: inherit;\"><span style=\"vertical-align: inherit;\">\u0130nce telli ve d\u00fcz sa\u00e7l\u0131 k\u0131zlara uygun, hacimli sa\u00e7 g\u00f6r\u00fcn\u00fcm\u00fcne yard\u0131mc\u0131 olur.<\/span><\/span><\/span><\/span><\/p>\n<h3><span style=\"vertical-align: inherit;\"><span style=\"vertical-align: inherit;\"><span style=\"vertical-align: inherit;\"><span style=\"vertical-align: inherit;\">koyu kahverengi esmer<\/span><\/span><\/span><\/span><\/h3>\n<p><span style=\"vertical-align: inherit;\"><span style=\"vertical-align: inherit;\"><span style=\"vertical-align: inherit;\"><span style=\"vertical-align: inherit;\">Esmer tonlu koyu kahverengi. <\/span><\/span><\/span><span style=\"vertical-align: inherit;\"><span style=\"vertical-align: inherit;\"><span style=\"vertical-align: inherit;\">Sepya veya koyu kahverengi, normal kahverengiden daha koyu bir renktir. <\/span><\/span><\/span><span style=\"vertical-align: inherit;\"><span style=\"vertical-align: inherit;\"><span style=\"vertical-align: inherit;\">Her iki k\u0131z i\u00e7in de uygundur Koyu tenli k\u0131zlara beyaz ten Beyazl\u0131\u011f\u0131n y\u00fcze itilmesine yard\u0131mc\u0131 olur. <\/span><\/span><\/span><span style=\"vertical-align: inherit;\"><span style=\"vertical-align: inherit;\"><span style=\"vertical-align: inherit;\">Ama \u00e7ok soluk de\u011fil ve \u00e7ok kal\u0131n ve siyah sa\u00e7l\u0131 insanlar i\u00e7in de uygun. <\/span><\/span><\/span><span style=\"vertical-align: inherit;\"><span style=\"vertical-align: inherit;\"><span style=\"vertical-align: inherit;\">G\u00f6r\u00fcn\u00fcm\u00fcn daha yumu\u015fak g\u00f6r\u00fcnmesi i\u00e7in ayarlanmas\u0131na yard\u0131mc\u0131 olun. <\/span><\/span><\/span><span style=\"vertical-align: inherit;\"><span style=\"vertical-align: inherit;\"><span style=\"vertical-align: inherit;\">Ama yine de bak\u0131ml\u0131y\u0131m ve do\u011fal bir sa\u00e7 rengi gibi g\u00f6r\u00fcn\u00fcyorum.<\/span><\/span><\/span><\/span><\/p>\n<h3><span style=\"vertical-align: inherit;\"><span style=\"vertical-align: inherit;\"><span style=\"vertical-align: inherit;\"><span style=\"vertical-align: inherit;\">Siyaha yak\u0131n koyu kahverengi<\/span><\/span><\/span><\/span><\/h3>\n<figure id=\"attachment_84184\" class=\"wp-caption aligncenter\" aria-describedby=\"caption-attachment-84184\"><figcaption id=\"caption-attachment-84184\" class=\"wp-caption-text\"><\/figcaption><\/figure>\n<figure id=\"attachment_86981\" class=\"wp-caption alignnone\" aria-describedby=\"caption-attachment-86981\"><figcaption id=\"caption-attachment-86981\" class=\"wp-caption-text\"><\/figcaption><\/figure>\n<p><span style=\"vertical-align: inherit;\"><span style=\"vertical-align: inherit;\"><span style=\"vertical-align: inherit;\"><span style=\"vertical-align: inherit;\">Uzun siyah sa\u00e7l\u0131 ve b\u00fcy\u00fck telli k\u0131zlar i\u00e7in. <\/span><\/span><\/span><span style=\"vertical-align: inherit;\"><span style=\"vertical-align: inherit;\"><span style=\"vertical-align: inherit;\">Bazen y\u00fcz\u00fcn olmas\u0131 gerekenden daha k\u00f6t\u00fc g\u00f6r\u00fcnmesine neden olabilir. <\/span><\/span><\/span><span style=\"vertical-align: inherit;\"><span style=\"vertical-align: inherit;\"><span style=\"vertical-align: inherit;\">Sa\u00e7 rengini biraz a\u00e7mak ama yine de koyu kahverengi, neredeyse siyah. <\/span><\/span><\/span><span style=\"vertical-align: inherit;\"><span style=\"vertical-align: inherit;\"><span style=\"vertical-align: inherit;\">(Ancak g\u00fcne\u015f \u0131\u015f\u0131\u011f\u0131n\u0131 veya \u0131\u015f\u0131\u011f\u0131 yans\u0131t\u0131rken net bir kahverengi g\u00f6r\u00fcnecektir.) Bu ton, y\u00fcz\u00fcn\u00fcz\u00fcn daha canl\u0131 ve p\u00fcr\u00fczs\u00fcz g\u00f6r\u00fcnmesini sa\u011flar. <\/span><\/span><\/span><span style=\"vertical-align: inherit;\"><span style=\"vertical-align: inherit;\"><span style=\"vertical-align: inherit;\">Hala do\u011fal ve kibarken. <\/span><\/span><\/span><span style=\"vertical-align: inherit;\"><span style=\"vertical-align: inherit;\"><span style=\"vertical-align: inherit;\">T\u00fcm durumlar i\u00e7in uygun\u00a0<\/span><\/span><\/span><\/span><\/p>\n<h3><span style=\"vertical-align: inherit;\"><span style=\"vertical-align: inherit;\"><span style=\"vertical-align: inherit;\"><span style=\"vertical-align: inherit;\">koyu kahverengi alt\u0131n<\/span><\/span><\/span><\/span><\/h3>\n<figure id=\"attachment_20834\" aria-describedby=\"caption-attachment-20834\" style=\"width: 197px\" class=\"wp-caption alignnone\"><img loading=\"lazy\" decoding=\"async\" class=\"size-full wp-image-20834\" src=\"https:\/\/ahelth.com\/wp-content\/uploads\/2023\/03\/the-hair.jpeg\" alt=\"sa\u00e7 rengi t\u00fcrleri\" width=\"197\" height=\"240\" \/><figcaption id=\"caption-attachment-20834\" class=\"wp-caption-text\"><span style=\"vertical-align: inherit;\"><span style=\"vertical-align: inherit;\">sa\u00e7 rengi t\u00fcrleri<\/span><\/span><\/figcaption><\/figure>\n<figure id=\"attachment_57500\" class=\"wp-caption aligncenter\" aria-describedby=\"caption-attachment-57500\"><figcaption id=\"caption-attachment-57500\" class=\"wp-caption-text\"><\/figcaption><\/figure>\n<figure id=\"attachment_57494\" class=\"wp-caption alignleft\" aria-describedby=\"caption-attachment-57494\"><figcaption id=\"caption-attachment-57494\" class=\"wp-caption-text\"><\/figcaption><\/figure>\n<p><span style=\"vertical-align: inherit;\"><span style=\"vertical-align: inherit;\"><span style=\"vertical-align: inherit;\"><span style=\"vertical-align: inherit;\">Koyu alt\u0131n kahverengi Koyu sa\u00e7 rengi, alt\u0131n \u0131\u015f\u0131lt\u0131s\u0131n\u0131n yumu\u015fakl\u0131\u011f\u0131n\u0131 gizler. <\/span><\/span><\/span><span style=\"vertical-align: inherit;\"><span style=\"vertical-align: inherit;\"><span style=\"vertical-align: inherit;\">G\u00fcne\u015f \u0131\u015f\u0131\u011f\u0131na veya \u0131\u015f\u0131\u011fa maruz kald\u0131\u011f\u0131nda sa\u00e7 \u00fczerinde akan alt\u0131n rengini g\u00f6receksiniz. <\/span><\/span><\/span><span style=\"vertical-align: inherit;\"><span style=\"vertical-align: inherit;\"><span style=\"vertical-align: inherit;\">Sa\u00e7\u0131n\u0131za daha fazla derinlik verir ve y\u00fcz\u00fcn\u00fcz\u00fc koyu siyah sa\u00e7lardan daha yumu\u015fak g\u00f6sterir. <\/span><\/span><\/span><span style=\"vertical-align: inherit;\"><span style=\"vertical-align: inherit;\"><span style=\"vertical-align: inherit;\">T\u00fcm y\u00fcz \u015fekilleri ve t\u00fcm cilt tonlar\u0131 i\u00e7in uygundur, y\u00fcz\u00fcn daha parlak g\u00f6r\u00fcnmesini sa\u011flar. <\/span><\/span><\/span><span style=\"vertical-align: inherit;\"><span style=\"vertical-align: inherit;\"><span style=\"vertical-align: inherit;\">Ve daha fazla \u00f6ne \u00e7\u0131k<\/span><\/span><\/span><\/span><\/p>\n<h3><span style=\"vertical-align: inherit;\"><span style=\"vertical-align: inherit;\"><span style=\"vertical-align: inherit;\"><span style=\"vertical-align: inherit;\">Kahverengi Bambi Kahve<\/span><\/span><\/span><\/span><\/h3>\n<figure id=\"attachment_63798\" class=\"wp-caption alignnone\" aria-describedby=\"caption-attachment-63798\"><\/figure>\n<p><span style=\"vertical-align: inherit;\"><span style=\"vertical-align: inherit;\"><span style=\"vertical-align: inherit;\"><span style=\"vertical-align: inherit;\">a\u00e7\u0131k kahverengi, bambi kahverengi veya geyik kahverengi. <\/span><\/span><\/span><span style=\"vertical-align: inherit;\"><span style=\"vertical-align: inherit;\"><span style=\"vertical-align: inherit;\">Yap\u0131lan ton buydu. <\/span><\/span><\/span><span style=\"vertical-align: inherit;\"><span style=\"vertical-align: inherit;\"><span style=\"vertical-align: inherit;\">Cildin beyaz ve parlak g\u00f6r\u00fcnmesine yard\u0131mc\u0131 olun. <\/span><\/span><\/span><span style=\"vertical-align: inherit;\"><span style=\"vertical-align: inherit;\"><span style=\"vertical-align: inherit;\">Ki\u015fili\u011fe farkl\u0131l\u0131k katar<\/span><\/span><\/span><\/span><\/p>\n<h3><span style=\"vertical-align: inherit;\"><span style=\"vertical-align: inherit;\"><span style=\"vertical-align: inherit;\"><span style=\"vertical-align: inherit;\">Kahverengi s\u00fctl\u00fc \u00e7ay<\/span><\/span><\/span><\/span><\/h3>\n<figure id=\"attachment_84186\" class=\"wp-caption alignnone\" aria-describedby=\"caption-attachment-84186\"><figcaption id=\"caption-attachment-84186\" class=\"wp-caption-text\"><\/figcaption><\/figure>\n<p><span style=\"vertical-align: inherit;\"><span style=\"vertical-align: inherit;\"><span style=\"vertical-align: inherit;\"><span style=\"vertical-align: inherit;\">S\u00fctl\u00fc \u00e7ay kahvesi sa\u00e7 rengi a\u00e7\u0131k kahve tonlar\u0131ndad\u0131r. <\/span><\/span><\/span><span style=\"vertical-align: inherit;\"><span style=\"vertical-align: inherit;\"><span style=\"vertical-align: inherit;\">Yumu\u015fak, ince bir his verir Sa\u00e7\u0131n\u0131z\u0131n daha boyutlu g\u00f6r\u00fcnmesini istiyorsan\u0131z, sa\u00e7 vurgulama teknikleri kullan\u0131labilir. <\/span><\/span><\/span><span style=\"vertical-align: inherit;\"><span style=\"vertical-align: inherit;\"><span style=\"vertical-align: inherit;\">Koyu sa\u00e7 yap\u0131n veya sa\u00e7\u0131 renklendirmek i\u00e7in balayaj tekni\u011fini kullan\u0131n.<\/span><\/span><\/span><\/span><\/p>\n<h3><span style=\"vertical-align: inherit;\"><span style=\"vertical-align: inherit;\"><span style=\"vertical-align: inherit;\"><span style=\"vertical-align: inherit;\">kahverengi espresso kahve<\/span><\/span><\/span><\/span><\/h3>\n<figure id=\"attachment_57491\" class=\"wp-caption aligncenter\" aria-describedby=\"caption-attachment-57491\"><\/figure>\n<figure id=\"attachment_57495\" class=\"wp-caption alignleft\" aria-describedby=\"caption-attachment-57495\"><figcaption id=\"caption-attachment-57495\" class=\"wp-caption-text\"><\/figcaption><\/figure>\n<p><span style=\"vertical-align: inherit;\"><span style=\"vertical-align: inherit;\"><span style=\"vertical-align: inherit;\"><span style=\"vertical-align: inherit;\">Koyu espresso kahve, y\u0131l\u0131n trend sa\u00e7 rengidir. <\/span><\/span><\/span><span style=\"vertical-align: inherit;\"><span style=\"vertical-align: inherit;\"><span style=\"vertical-align: inherit;\">G\u00fczel g\u00f6r\u00fcnmesini sa\u011flay\u0131n ve derin bir \u00e7ekicili\u011fe sahip olun.<\/span><\/span><\/span><\/span><\/p>\n<h3><span style=\"vertical-align: inherit;\"><span style=\"vertical-align: inherit;\"><span style=\"vertical-align: inherit;\"><span style=\"vertical-align: inherit;\">k\u00fcl Kahverengi<\/span><\/span><\/span><\/span><\/h3>\n<figure id=\"attachment_86979\" class=\"wp-caption alignnone\" aria-describedby=\"caption-attachment-86979\"><figcaption id=\"caption-attachment-86979\" class=\"wp-caption-text\"><\/figcaption><\/figure>\n<p><span style=\"vertical-align: inherit;\"><span style=\"vertical-align: inherit;\"><span style=\"vertical-align: inherit;\"><span style=\"vertical-align: inherit;\">Ash Brown, do\u011fal kahverengi sa\u00e7\u0131n a\u00e7\u0131k kahverengi tonudur. <\/span><\/span><\/span><span style=\"vertical-align: inherit;\"><span style=\"vertical-align: inherit;\"><span style=\"vertical-align: inherit;\">Bu beni parlak g\u00f6steriyor ve y\u00fcz\u00fcn daha gen\u00e7 g\u00f6r\u00fcnmesine yard\u0131mc\u0131 oluyor ve cildi ayd\u0131nlat\u0131yor. <\/span><\/span><\/span><span style=\"vertical-align: inherit;\"><span style=\"vertical-align: inherit;\"><span style=\"vertical-align: inherit;\">Daha fazla halo da kredi: pinkage_korea<\/span><\/span><\/span><\/span><\/p>\n<h3><span style=\"vertical-align: inherit;\"><span style=\"vertical-align: inherit;\"><span style=\"vertical-align: inherit;\"><span style=\"vertical-align: inherit;\">karamel kahverengi<\/span><\/span><\/span><\/span><\/h3>\n<figure id=\"attachment_84187\" class=\"wp-caption aligncenter\" aria-describedby=\"caption-attachment-84187\"><figcaption id=\"caption-attachment-84187\" class=\"wp-caption-text\"><\/figcaption><\/figure>\n<p>&nbsp;<\/p>\n<p><span style=\"vertical-align: inherit;\"><span style=\"vertical-align: inherit;\"><span style=\"vertical-align: inherit;\"><span style=\"vertical-align: inherit;\">Karamel kahve sa\u00e7, tatl\u0131 ve s\u0131cak bir karamel kahverengi g\u00f6r\u00fcn\u00fcm yarat\u0131r. <\/span><\/span><\/span><span style=\"vertical-align: inherit;\"><span style=\"vertical-align: inherit;\"><span style=\"vertical-align: inherit;\">Veya Burnt Brown Y\u00fcz\u00fc ayd\u0131nlatan bir kahve tonudur. <\/span><\/span><\/span><span style=\"vertical-align: inherit;\"><span style=\"vertical-align: inherit;\"><span style=\"vertical-align: inherit;\">Halo ile parlak g\u00f6r\u00fcn\u00fcyor<\/span><\/span><\/span><\/span><\/p>\n<h3><span style=\"vertical-align: inherit;\"><span style=\"vertical-align: inherit;\"><span style=\"vertical-align: inherit;\"><span style=\"vertical-align: inherit;\">koyu kahverengi \u00e7ikolata<\/span><\/span><\/span><\/span><\/h3>\n<figure id=\"attachment_57503\" class=\"wp-caption aligncenter\" aria-describedby=\"caption-attachment-57503\"><\/figure>\n<p><span style=\"vertical-align: inherit;\"><span style=\"vertical-align: inherit;\"><span style=\"vertical-align: inherit;\"><span style=\"vertical-align: inherit;\">Neredeyse siyaha yak\u0131n koyu \u00e7ikolata kahverengi tonu. <\/span><\/span><\/span><span style=\"vertical-align: inherit;\"><span style=\"vertical-align: inherit;\"><span style=\"vertical-align: inherit;\">Ancak hafif bir k\u0131rm\u0131z\u0131 renk tonu olacak. <\/span><\/span><\/span><span style=\"vertical-align: inherit;\"><span style=\"vertical-align: inherit;\"><span style=\"vertical-align: inherit;\">Bir ba\u015fka g\u00fczel sa\u00e7 rengidir. <\/span><\/span><\/span><span style=\"vertical-align: inherit;\"><span style=\"vertical-align: inherit;\"><span style=\"vertical-align: inherit;\">Y\u00fcz\u00fcn parlak g\u00f6r\u00fcnmesine yard\u0131mc\u0131 olur G\u00f6r\u00fcn\u00fcm\u00fc sevimli g\u00f6r\u00fcnecek \u015fekilde geli\u015ftirin. <\/span><\/span><\/span><span style=\"vertical-align: inherit;\"><span style=\"vertical-align: inherit;\"><span style=\"vertical-align: inherit;\">Ve Soft Lamoon&#8217;u izleyin Kredi: pinkage_korea<\/span><\/span><\/span><\/span><\/p>\n<p><span style=\"vertical-align: inherit;\"><span style=\"vertical-align: inherit;\"><span style=\"vertical-align: inherit;\"><span style=\"vertical-align: inherit;\">Do\u011fal kahverengi sa\u00e7lar\u0131n\u0131z\u0131 cilt tonunuza uyacak \u015fekilde boyaman\u0131z yeterlidir. <\/span><\/span><\/span><span style=\"vertical-align: inherit;\"><span style=\"vertical-align: inherit;\"><span style=\"vertical-align: inherit;\">Sa\u00e7 rengi cilt tonunuzu iyile\u015ftirmeye yard\u0131mc\u0131 olur ve y\u00fcz\u00fcn\u00fcz\u00fc daha g\u00fczel ve parlak g\u00f6sterir.<\/span><\/span><\/span><\/span><\/p>\n<\/section>\n","protected":false},"excerpt":{"rendered":"<p>sa\u00e7 rengi t\u00fcrleri &nbsp; 36 Do\u011fal Kumral Sa\u00e7 G\u00fczel sa\u00e7 tonlar\u0131 y\u00fcz\u00fc ayd\u0131nlat\u0131r ve daha gen\u00e7 g\u00f6r\u00fcnmesini sa\u011flar. Kahverengi sa\u00e7, Asyal\u0131lar i\u00e7in g\u00fczel ve uygun bir sa\u00e7 rengidir. Orijinal sa\u00e7 rengine yak\u0131n oldu\u011fu ve \u00e7o\u011funlukla siyah oldu\u011fu i\u00e7in sa\u00e7\u0131m\u0131 kahveye boyad\u0131\u011f\u0131mda yine tonlu ve do\u011fall\u0131\u011f\u0131 y\u00fcksek olacakt\u0131r. Bu da y\u00fcz\u00fc hafifletmeye ve daha gen\u00e7 g\u00f6r\u00fcnmesine &hellip;<\/p>\n","protected":false},"author":2,"featured_media":20849,"comment_status":"open","ping_status":"open","sticky":false,"template":"","format":"standard","meta":{"footnotes":""},"categories":[27700],"tags":[27777],"class_list":["post-20857","post","type-post","status-publish","format-standard","has-post-thumbnail","hentry","category-sac-bakimi","tag-sac-rengi-turleri"],"yoast_head":"<!-- This site is optimized with the Yoast SEO plugin v27.4 - https:\/\/yoast.com\/product\/yoast-seo-wordpress\/ -->\n<title>sa\u00e7 rengi t\u00fcrleri - the health<\/title>\n<meta name=\"description\" content=\"types of hair color Brown hair is a beautiful hair color that is suitable for Asians. Because it is close to the original hair color, which\" \/>\n<meta name=\"robots\" content=\"index, follow, max-snippet:-1, max-image-preview:large, max-video-preview:-1\" \/>\n<link rel=\"canonical\" href=\"https:\/\/ahelth.com\/tr\/types-of-hair-color\/\" \/>\n<meta property=\"og:locale\" content=\"tr_TR\" \/>\n<meta property=\"og:type\" content=\"article\" \/>\n<meta property=\"og:title\" content=\"sa\u00e7 rengi t\u00fcrleri - the health\" \/>\n<meta property=\"og:description\" content=\"types of hair color Brown hair is a beautiful hair color that is suitable for Asians. Because it is close to the original hair color, which\" \/>\n<meta property=\"og:url\" content=\"https:\/\/ahelth.com\/tr\/types-of-hair-color\/\" \/>\n<meta property=\"og:site_name\" content=\"the health\" \/>\n<meta property=\"article:published_time\" content=\"2023-03-23T10:59:36+00:00\" \/>\n<meta property=\"article:modified_time\" content=\"2023-03-23T11:12:42+00:00\" \/>\n<meta property=\"og:image\" content=\"https:\/\/ahelth.com\/wp-content\/uploads\/2023\/03\/the-hair-3.jpg\" \/>\n\t<meta property=\"og:image:width\" content=\"1200\" \/>\n\t<meta property=\"og:image:height\" content=\"1083\" \/>\n\t<meta property=\"og:image:type\" content=\"image\/jpeg\" \/>\n<meta name=\"author\" content=\"eymen\" \/>\n<meta name=\"twitter:card\" content=\"summary_large_image\" \/>\n<meta name=\"twitter:label1\" content=\"Yazan:\" \/>\n\t<meta name=\"twitter:data1\" content=\"eymen\" \/>\n\t<meta name=\"twitter:label2\" content=\"Tahmini okuma s\u00fcresi\" \/>\n\t<meta name=\"twitter:data2\" content=\"6 dakika\" \/>\n<script type=\"application\/ld+json\" class=\"yoast-schema-graph\">{\"@context\":\"https:\\\/\\\/schema.org\",\"@graph\":[{\"@type\":\"Article\",\"@id\":\"https:\\\/\\\/ahelth.com\\\/tr\\\/types-of-hair-color\\\/#article\",\"isPartOf\":{\"@id\":\"https:\\\/\\\/ahelth.com\\\/tr\\\/types-of-hair-color\\\/\"},\"author\":{\"name\":\"eymen\",\"@id\":\"https:\\\/\\\/ahelth.com\\\/es\\\/#\\\/schema\\\/person\\\/8ef1691ea3282353a2a356f6200dd0ad\"},\"headline\":\"sa\u00e7 rengi t\u00fcrleri\",\"datePublished\":\"2023-03-23T10:59:36+00:00\",\"dateModified\":\"2023-03-23T11:12:42+00:00\",\"mainEntityOfPage\":{\"@id\":\"https:\\\/\\\/ahelth.com\\\/tr\\\/types-of-hair-color\\\/\"},\"wordCount\":1429,\"commentCount\":0,\"image\":{\"@id\":\"https:\\\/\\\/ahelth.com\\\/tr\\\/types-of-hair-color\\\/#primaryimage\"},\"thumbnailUrl\":\"https:\\\/\\\/ahelth.com\\\/wp-content\\\/uploads\\\/2023\\\/03\\\/the-hair-3.jpg\",\"keywords\":[\"sa\u00e7 rengi t\u00fcrleri\"],\"articleSection\":[\"sa\u00e7 Bak\u0131m\u0131\"],\"inLanguage\":\"tr\",\"potentialAction\":[{\"@type\":\"CommentAction\",\"name\":\"Comment\",\"target\":[\"https:\\\/\\\/ahelth.com\\\/tr\\\/types-of-hair-color\\\/#respond\"]}]},{\"@type\":\"WebPage\",\"@id\":\"https:\\\/\\\/ahelth.com\\\/tr\\\/types-of-hair-color\\\/\",\"url\":\"https:\\\/\\\/ahelth.com\\\/tr\\\/types-of-hair-color\\\/\",\"name\":\"sa\u00e7 rengi t\u00fcrleri - the health\",\"isPartOf\":{\"@id\":\"https:\\\/\\\/ahelth.com\\\/es\\\/#website\"},\"primaryImageOfPage\":{\"@id\":\"https:\\\/\\\/ahelth.com\\\/tr\\\/types-of-hair-color\\\/#primaryimage\"},\"image\":{\"@id\":\"https:\\\/\\\/ahelth.com\\\/tr\\\/types-of-hair-color\\\/#primaryimage\"},\"thumbnailUrl\":\"https:\\\/\\\/ahelth.com\\\/wp-content\\\/uploads\\\/2023\\\/03\\\/the-hair-3.jpg\",\"datePublished\":\"2023-03-23T10:59:36+00:00\",\"dateModified\":\"2023-03-23T11:12:42+00:00\",\"author\":{\"@id\":\"https:\\\/\\\/ahelth.com\\\/es\\\/#\\\/schema\\\/person\\\/8ef1691ea3282353a2a356f6200dd0ad\"},\"description\":\"types of hair color Brown hair is a beautiful hair color that is suitable for Asians. Because it is close to the original hair color, which\",\"breadcrumb\":{\"@id\":\"https:\\\/\\\/ahelth.com\\\/tr\\\/types-of-hair-color\\\/#breadcrumb\"},\"inLanguage\":\"tr\",\"potentialAction\":[{\"@type\":\"ReadAction\",\"target\":[\"https:\\\/\\\/ahelth.com\\\/tr\\\/types-of-hair-color\\\/\"]}]},{\"@type\":\"ImageObject\",\"inLanguage\":\"tr\",\"@id\":\"https:\\\/\\\/ahelth.com\\\/tr\\\/types-of-hair-color\\\/#primaryimage\",\"url\":\"https:\\\/\\\/ahelth.com\\\/wp-content\\\/uploads\\\/2023\\\/03\\\/the-hair-3.jpg\",\"contentUrl\":\"https:\\\/\\\/ahelth.com\\\/wp-content\\\/uploads\\\/2023\\\/03\\\/the-hair-3.jpg\",\"width\":1200,\"height\":1083,\"caption\":\"types of hair color\"},{\"@type\":\"BreadcrumbList\",\"@id\":\"https:\\\/\\\/ahelth.com\\\/tr\\\/types-of-hair-color\\\/#breadcrumb\",\"itemListElement\":[{\"@type\":\"ListItem\",\"position\":1,\"name\":\"Home\",\"item\":\"https:\\\/\\\/ahelth.com\\\/tr\\\/\"},{\"@type\":\"ListItem\",\"position\":2,\"name\":\"sa\u00e7 rengi t\u00fcrleri\"}]},{\"@type\":\"WebSite\",\"@id\":\"https:\\\/\\\/ahelth.com\\\/es\\\/#website\",\"url\":\"https:\\\/\\\/ahelth.com\\\/es\\\/\",\"name\":\"the health\",\"description\":\"Articles on health\",\"potentialAction\":[{\"@type\":\"SearchAction\",\"target\":{\"@type\":\"EntryPoint\",\"urlTemplate\":\"https:\\\/\\\/ahelth.com\\\/es\\\/?s={search_term_string}\"},\"query-input\":{\"@type\":\"PropertyValueSpecification\",\"valueRequired\":true,\"valueName\":\"search_term_string\"}}],\"inLanguage\":\"tr\"},{\"@type\":\"Person\",\"@id\":\"https:\\\/\\\/ahelth.com\\\/es\\\/#\\\/schema\\\/person\\\/8ef1691ea3282353a2a356f6200dd0ad\",\"name\":\"eymen\",\"image\":{\"@type\":\"ImageObject\",\"inLanguage\":\"tr\",\"@id\":\"https:\\\/\\\/ahelth.com\\\/wp-content\\\/litespeed\\\/avatar\\\/0067383438e41fa4c4b4fafeea3c919b.jpg?ver=1777166873\",\"url\":\"https:\\\/\\\/ahelth.com\\\/wp-content\\\/litespeed\\\/avatar\\\/0067383438e41fa4c4b4fafeea3c919b.jpg?ver=1777166873\",\"contentUrl\":\"https:\\\/\\\/ahelth.com\\\/wp-content\\\/litespeed\\\/avatar\\\/0067383438e41fa4c4b4fafeea3c919b.jpg?ver=1777166873\",\"caption\":\"eymen\"},\"url\":\"https:\\\/\\\/ahelth.com\\\/tr\\\/author\\\/eymen\\\/\"}]}<\/script>\n<!-- \/ Yoast SEO plugin. -->","yoast_head_json":{"title":"sa\u00e7 rengi t\u00fcrleri - the health","description":"types of hair color Brown hair is a beautiful hair color that is suitable for Asians. Because it is close to the original hair color, which","robots":{"index":"index","follow":"follow","max-snippet":"max-snippet:-1","max-image-preview":"max-image-preview:large","max-video-preview":"max-video-preview:-1"},"canonical":"https:\/\/ahelth.com\/tr\/types-of-hair-color\/","og_locale":"tr_TR","og_type":"article","og_title":"sa\u00e7 rengi t\u00fcrleri - the health","og_description":"types of hair color Brown hair is a beautiful hair color that is suitable for Asians. Because it is close to the original hair color, which","og_url":"https:\/\/ahelth.com\/tr\/types-of-hair-color\/","og_site_name":"the health","article_published_time":"2023-03-23T10:59:36+00:00","article_modified_time":"2023-03-23T11:12:42+00:00","og_image":[{"width":1200,"height":1083,"url":"https:\/\/ahelth.com\/wp-content\/uploads\/2023\/03\/the-hair-3.jpg","type":"image\/jpeg"}],"author":"eymen","twitter_card":"summary_large_image","twitter_misc":{"Yazan:":"eymen","Tahmini okuma s\u00fcresi":"6 dakika"},"schema":{"@context":"https:\/\/schema.org","@graph":[{"@type":"Article","@id":"https:\/\/ahelth.com\/tr\/types-of-hair-color\/#article","isPartOf":{"@id":"https:\/\/ahelth.com\/tr\/types-of-hair-color\/"},"author":{"name":"eymen","@id":"https:\/\/ahelth.com\/es\/#\/schema\/person\/8ef1691ea3282353a2a356f6200dd0ad"},"headline":"sa\u00e7 rengi t\u00fcrleri","datePublished":"2023-03-23T10:59:36+00:00","dateModified":"2023-03-23T11:12:42+00:00","mainEntityOfPage":{"@id":"https:\/\/ahelth.com\/tr\/types-of-hair-color\/"},"wordCount":1429,"commentCount":0,"image":{"@id":"https:\/\/ahelth.com\/tr\/types-of-hair-color\/#primaryimage"},"thumbnailUrl":"https:\/\/ahelth.com\/wp-content\/uploads\/2023\/03\/the-hair-3.jpg","keywords":["sa\u00e7 rengi t\u00fcrleri"],"articleSection":["sa\u00e7 Bak\u0131m\u0131"],"inLanguage":"tr","potentialAction":[{"@type":"CommentAction","name":"Comment","target":["https:\/\/ahelth.com\/tr\/types-of-hair-color\/#respond"]}]},{"@type":"WebPage","@id":"https:\/\/ahelth.com\/tr\/types-of-hair-color\/","url":"https:\/\/ahelth.com\/tr\/types-of-hair-color\/","name":"sa\u00e7 rengi t\u00fcrleri - the health","isPartOf":{"@id":"https:\/\/ahelth.com\/es\/#website"},"primaryImageOfPage":{"@id":"https:\/\/ahelth.com\/tr\/types-of-hair-color\/#primaryimage"},"image":{"@id":"https:\/\/ahelth.com\/tr\/types-of-hair-color\/#primaryimage"},"thumbnailUrl":"https:\/\/ahelth.com\/wp-content\/uploads\/2023\/03\/the-hair-3.jpg","datePublished":"2023-03-23T10:59:36+00:00","dateModified":"2023-03-23T11:12:42+00:00","author":{"@id":"https:\/\/ahelth.com\/es\/#\/schema\/person\/8ef1691ea3282353a2a356f6200dd0ad"},"description":"types of hair color Brown hair is a beautiful hair color that is suitable for Asians. Because it is close to the original hair color, which","breadcrumb":{"@id":"https:\/\/ahelth.com\/tr\/types-of-hair-color\/#breadcrumb"},"inLanguage":"tr","potentialAction":[{"@type":"ReadAction","target":["https:\/\/ahelth.com\/tr\/types-of-hair-color\/"]}]},{"@type":"ImageObject","inLanguage":"tr","@id":"https:\/\/ahelth.com\/tr\/types-of-hair-color\/#primaryimage","url":"https:\/\/ahelth.com\/wp-content\/uploads\/2023\/03\/the-hair-3.jpg","contentUrl":"https:\/\/ahelth.com\/wp-content\/uploads\/2023\/03\/the-hair-3.jpg","width":1200,"height":1083,"caption":"types of hair color"},{"@type":"BreadcrumbList","@id":"https:\/\/ahelth.com\/tr\/types-of-hair-color\/#breadcrumb","itemListElement":[{"@type":"ListItem","position":1,"name":"Home","item":"https:\/\/ahelth.com\/tr\/"},{"@type":"ListItem","position":2,"name":"sa\u00e7 rengi t\u00fcrleri"}]},{"@type":"WebSite","@id":"https:\/\/ahelth.com\/es\/#website","url":"https:\/\/ahelth.com\/es\/","name":"the health","description":"Articles on health","potentialAction":[{"@type":"SearchAction","target":{"@type":"EntryPoint","urlTemplate":"https:\/\/ahelth.com\/es\/?s={search_term_string}"},"query-input":{"@type":"PropertyValueSpecification","valueRequired":true,"valueName":"search_term_string"}}],"inLanguage":"tr"},{"@type":"Person","@id":"https:\/\/ahelth.com\/es\/#\/schema\/person\/8ef1691ea3282353a2a356f6200dd0ad","name":"eymen","image":{"@type":"ImageObject","inLanguage":"tr","@id":"https:\/\/ahelth.com\/wp-content\/litespeed\/avatar\/0067383438e41fa4c4b4fafeea3c919b.jpg?ver=1777166873","url":"https:\/\/ahelth.com\/wp-content\/litespeed\/avatar\/0067383438e41fa4c4b4fafeea3c919b.jpg?ver=1777166873","contentUrl":"https:\/\/ahelth.com\/wp-content\/litespeed\/avatar\/0067383438e41fa4c4b4fafeea3c919b.jpg?ver=1777166873","caption":"eymen"},"url":"https:\/\/ahelth.com\/tr\/author\/eymen\/"}]}},"_links":{"self":[{"href":"https:\/\/ahelth.com\/tr\/wp-json\/wp\/v2\/posts\/20857","targetHints":{"allow":["GET"]}}],"collection":[{"href":"https:\/\/ahelth.com\/tr\/wp-json\/wp\/v2\/posts"}],"about":[{"href":"https:\/\/ahelth.com\/tr\/wp-json\/wp\/v2\/types\/post"}],"author":[{"embeddable":true,"href":"https:\/\/ahelth.com\/tr\/wp-json\/wp\/v2\/users\/2"}],"replies":[{"embeddable":true,"href":"https:\/\/ahelth.com\/tr\/wp-json\/wp\/v2\/comments?post=20857"}],"version-history":[{"count":2,"href":"https:\/\/ahelth.com\/tr\/wp-json\/wp\/v2\/posts\/20857\/revisions"}],"predecessor-version":[{"id":20871,"href":"https:\/\/ahelth.com\/tr\/wp-json\/wp\/v2\/posts\/20857\/revisions\/20871"}],"wp:featuredmedia":[{"embeddable":true,"href":"https:\/\/ahelth.com\/tr\/wp-json\/wp\/v2\/media\/20849"}],"wp:attachment":[{"href":"https:\/\/ahelth.com\/tr\/wp-json\/wp\/v2\/media?parent=20857"}],"wp:term":[{"taxonomy":"category","embeddable":true,"href":"https:\/\/ahelth.com\/tr\/wp-json\/wp\/v2\/categories?post=20857"},{"taxonomy":"post_tag","embeddable":true,"href":"https:\/\/ahelth.com\/tr\/wp-json\/wp\/v2\/tags?post=20857"}],"curies":[{"name":"wp","href":"https:\/\/api.w.org\/{rel}","templated":true}]}}